{"id":67181,"date":"2022-08-02T11:00:00","date_gmt":"2022-08-02T15:00:00","guid":{"rendered":"https:\/\/canadianmidwives.org\/?p=67181"},"modified":"2022-08-01T13:25:34","modified_gmt":"2022-08-01T17:25:34","slug":"declaration-de-lacsf-sur-les-excuses-du-pape","status":"publish","type":"post","link":"https:\/\/canadianmidwives.org\/fr\/declaration-de-lacsf-sur-les-excuses-du-pape\/","title":{"rendered":"D\u00e9claration de l&rsquo;ACSF sur les excuses du pape"},"content":{"rendered":"\n<p>Les excuses pr\u00e9sent\u00e9es par le pape Fran\u00e7ois aux peuples autochtones le 25 juillet dernier constituent un premier pas important vers la r\u00e9conciliation. Nous comprenons que nos coll\u00e8gues et amis autochtones prendront le temps n\u00e9cessaire pour r\u00e9fl\u00e9chir \u00e0 ces excuses et \u00e0 ce qu&rsquo;elles signifient pour leur propre gu\u00e9rison. Nous sommes \u00e9galement conscients que ces excuses ne nous sont pas adress\u00e9es. L\u2019ACSF soutiendra nos amis et coll\u00e8gues du NACM en cette p\u00e9riode et de toutes les fa\u00e7ons dont nous serons sollicit\u00e9s.<\/p>\n\n\n\n<p>Nous sommes d\u00e9\u00e7us qu&rsquo;un appel \u00e0 la dissolution de la doctrine de la d\u00e9couverte, qui a servi de fondement \u00e0 la colonisation d&rsquo;innombrables nations autochtones, n\u2019ait pas \u00e9t\u00e9 inclus. Cette d\u00e9claration a \u00e9t\u00e9 condamn\u00e9e par la D\u00e9claration des Nations Unies sur les droits des peuples autochtones (UNDRIP) et nous esp\u00e9rons qu&rsquo;\u00e0 l&rsquo;avenir, cet appel comprendra un engagement \u00e0 l\u2019indemnisation et \u00e0 la r\u00e9paration des relations.<\/p>\n\n\n\n<p><\/p>\n\n\n\n<div class=\"wp-block-buttons is-layout-flex wp-block-buttons-is-layout-flex\">\n<div class=\"wp-block-button is-style-primary\"><a class=\"wp-block-button__link\" href=\"https:\/\/canadianmidwives.org\/fr\/a-propos-acsf\/\">Plus d&rsquo;\u00e9nonc\u00e9s de principe<\/a><\/div>\n<\/div>\n","protected":false},"excerpt":{"rendered":"<p>Les excuses pr\u00e9sent\u00e9es par le pape Fran\u00e7ois aux peuples autochtones le 25 juillet dernier constituent un premier pas important vers la r\u00e9conciliation. Nous comprenons que nos coll\u00e8gues et amis autochtones prendront le temps n\u00e9cessaire pour r\u00e9fl\u00e9chir \u00e0 ces excuses et \u00e0 ce qu&rsquo;elles signifient pour leur propre gu\u00e9rison. Nous sommes \u00e9galement conscients que ces excuses&hellip;&nbsp;<a href=\"https:\/\/canadianmidwives.org\/fr\/declaration-de-lacsf-sur-les-excuses-du-pape\/\" rel=\"bookmark\">Lire la suite &raquo;<span class=\"screen-reader-text\">D\u00e9claration de l&rsquo;ACSF sur les excuses du pape<\/span><\/a><\/p>\n","protected":false},"author":25,"featured_media":67178,"comment_status":"open","ping_status":"open","sticky":false,"template":"","format":"standard","meta":{"_monsterinsights_skip_tracking":false,"_monsterinsights_sitenote_active":false,"_monsterinsights_sitenote_note":"","_monsterinsights_sitenote_category":0,"neve_meta_sidebar":"","neve_meta_container":"","neve_meta_enable_content_width":"","neve_meta_content_width":0,"neve_meta_title_alignment":"","neve_meta_author_avatar":"","neve_post_elements_order":"","neve_meta_disable_header":"","neve_meta_disable_footer":"","neve_meta_disable_title":"","_themeisle_gutenberg_block_has_review":false,"footnotes":""},"categories":[1],"tags":[],"class_list":["post-67181","post","type-post","status-publish","format-standard","has-post-thumbnail","hentry","category-uncategorized"],"yoast_head":"<!-- This site is optimized with the Yoast SEO plugin v27.4 - https:\/\/yoast.com\/product\/yoast-seo-wordpress\/ -->\n<title>D\u00e9claration de l&#039;ACSF sur les excuses du pape - Association canadienne des sages-femmes<\/title>\n<meta name=\"robots\" content=\"index, follow, max-snippet:-1, max-image-preview:large, max-video-preview:-1\" \/>\n<link rel=\"canonical\" href=\"https:\/\/canadianmidwives.org\/fr\/declaration-de-lacsf-sur-les-excuses-du-pape\/\" \/>\n<meta property=\"og:locale\" content=\"fr_CA\" \/>\n<meta property=\"og:type\" content=\"article\" \/>\n<meta property=\"og:title\" content=\"D\u00e9claration de l&#039;ACSF sur les excuses du pape - Association canadienne des sages-femmes\" \/>\n<meta property=\"og:description\" content=\"Les excuses pr\u00e9sent\u00e9es par le pape Fran\u00e7ois aux peuples autochtones le 25 juillet dernier constituent un premier pas important vers la r\u00e9conciliation. Nous comprenons que nos coll\u00e8gues et amis autochtones prendront le temps n\u00e9cessaire pour r\u00e9fl\u00e9chir \u00e0 ces excuses et \u00e0 ce qu&rsquo;elles signifient pour leur propre gu\u00e9rison. Nous sommes \u00e9galement conscients que ces excuses&hellip;&nbsp;Lire la suite &raquo;D\u00e9claration de l&rsquo;ACSF sur les excuses du pape\" \/>\n<meta property=\"og:url\" content=\"https:\/\/canadianmidwives.org\/fr\/declaration-de-lacsf-sur-les-excuses-du-pape\/\" \/>\n<meta property=\"og:site_name\" content=\"Association canadienne des sages-femmes\" \/>\n<meta property=\"article:publisher\" content=\"https:\/\/www.facebook.com\/CanadianMidwives\/\" \/>\n<meta property=\"article:published_time\" content=\"2022-08-02T15:00:00+00:00\" \/>\n<meta property=\"og:image\" content=\"https:\/\/canadianmidwives.org\/sites\/canadianmidwives.org\/wp-content\/uploads\/2022\/08\/c4162fd8-f093-4765-9b10-fa86fd05c4e8_1140x641.jpg\" \/>\n\t<meta property=\"og:image:width\" content=\"1140\" \/>\n\t<meta property=\"og:image:height\" content=\"641\" \/>\n\t<meta property=\"og:image:type\" content=\"image\/jpeg\" \/>\n<meta name=\"author\" content=\"Bryn Symonds\" \/>\n<meta name=\"twitter:card\" content=\"summary_large_image\" \/>\n<meta name=\"twitter:label1\" content=\"\u00c9crit par\" \/>\n\t<meta name=\"twitter:data1\" content=\"Bryn Symonds\" \/>\n\t<meta name=\"twitter:label2\" content=\"Estimation du temps de lecture\" \/>\n\t<meta name=\"twitter:data2\" content=\"1 minute\" \/>\n<script type=\"application\/ld+json\" class=\"yoast-schema-graph\">{\"@context\":\"https:\\\/\\\/schema.org\",\"@graph\":[{\"@type\":\"NewsArticle\",\"@id\":\"https:\\\/\\\/canadianmidwives.org\\\/fr\\\/declaration-de-lacsf-sur-les-excuses-du-pape\\\/#article\",\"isPartOf\":{\"@id\":\"https:\\\/\\\/canadianmidwives.org\\\/fr\\\/declaration-de-lacsf-sur-les-excuses-du-pape\\\/\"},\"author\":{\"name\":\"Bryn Symonds\",\"@id\":\"https:\\\/\\\/canadianmidwives.org\\\/fr\\\/#\\\/schema\\\/person\\\/70d534418530dcc7c7813e412b96ac46\"},\"headline\":\"D\u00e9claration de l&rsquo;ACSF sur les excuses du pape\",\"datePublished\":\"2022-08-02T15:00:00+00:00\",\"mainEntityOfPage\":{\"@id\":\"https:\\\/\\\/canadianmidwives.org\\\/fr\\\/declaration-de-lacsf-sur-les-excuses-du-pape\\\/\"},\"wordCount\":182,\"commentCount\":0,\"publisher\":{\"@id\":\"https:\\\/\\\/canadianmidwives.org\\\/fr\\\/#organization\"},\"image\":{\"@id\":\"https:\\\/\\\/canadianmidwives.org\\\/fr\\\/declaration-de-lacsf-sur-les-excuses-du-pape\\\/#primaryimage\"},\"thumbnailUrl\":\"https:\\\/\\\/canadianmidwives.org\\\/sites\\\/canadianmidwives.org\\\/wp-content\\\/uploads\\\/2022\\\/08\\\/c4162fd8-f093-4765-9b10-fa86fd05c4e8_1140x641.jpg\",\"articleSection\":[\"Uncategorized\"],\"inLanguage\":\"fr-CA\",\"potentialAction\":[{\"@type\":\"CommentAction\",\"name\":\"Comment\",\"target\":[\"https:\\\/\\\/canadianmidwives.org\\\/fr\\\/declaration-de-lacsf-sur-les-excuses-du-pape\\\/#respond\"]}]},{\"@type\":\"WebPage\",\"@id\":\"https:\\\/\\\/canadianmidwives.org\\\/fr\\\/declaration-de-lacsf-sur-les-excuses-du-pape\\\/\",\"url\":\"https:\\\/\\\/canadianmidwives.org\\\/fr\\\/declaration-de-lacsf-sur-les-excuses-du-pape\\\/\",\"name\":\"D\u00e9claration de l'ACSF sur les excuses du pape - Association canadienne des sages-femmes\",\"isPartOf\":{\"@id\":\"https:\\\/\\\/canadianmidwives.org\\\/fr\\\/#website\"},\"primaryImageOfPage\":{\"@id\":\"https:\\\/\\\/canadianmidwives.org\\\/fr\\\/declaration-de-lacsf-sur-les-excuses-du-pape\\\/#primaryimage\"},\"image\":{\"@id\":\"https:\\\/\\\/canadianmidwives.org\\\/fr\\\/declaration-de-lacsf-sur-les-excuses-du-pape\\\/#primaryimage\"},\"thumbnailUrl\":\"https:\\\/\\\/canadianmidwives.org\\\/sites\\\/canadianmidwives.org\\\/wp-content\\\/uploads\\\/2022\\\/08\\\/c4162fd8-f093-4765-9b10-fa86fd05c4e8_1140x641.jpg\",\"datePublished\":\"2022-08-02T15:00:00+00:00\",\"breadcrumb\":{\"@id\":\"https:\\\/\\\/canadianmidwives.org\\\/fr\\\/declaration-de-lacsf-sur-les-excuses-du-pape\\\/#breadcrumb\"},\"inLanguage\":\"fr-CA\",\"potentialAction\":[{\"@type\":\"ReadAction\",\"target\":[\"https:\\\/\\\/canadianmidwives.org\\\/fr\\\/declaration-de-lacsf-sur-les-excuses-du-pape\\\/\"]}]},{\"@type\":\"ImageObject\",\"inLanguage\":\"fr-CA\",\"@id\":\"https:\\\/\\\/canadianmidwives.org\\\/fr\\\/declaration-de-lacsf-sur-les-excuses-du-pape\\\/#primaryimage\",\"url\":\"https:\\\/\\\/canadianmidwives.org\\\/sites\\\/canadianmidwives.org\\\/wp-content\\\/uploads\\\/2022\\\/08\\\/c4162fd8-f093-4765-9b10-fa86fd05c4e8_1140x641.jpg\",\"contentUrl\":\"https:\\\/\\\/canadianmidwives.org\\\/sites\\\/canadianmidwives.org\\\/wp-content\\\/uploads\\\/2022\\\/08\\\/c4162fd8-f093-4765-9b10-fa86fd05c4e8_1140x641.jpg\",\"width\":1140,\"height\":641},{\"@type\":\"BreadcrumbList\",\"@id\":\"https:\\\/\\\/canadianmidwives.org\\\/fr\\\/declaration-de-lacsf-sur-les-excuses-du-pape\\\/#breadcrumb\",\"itemListElement\":[{\"@type\":\"ListItem\",\"position\":1,\"name\":\"Accueil\",\"item\":\"https:\\\/\\\/canadianmidwives.org\\\/fr\\\/\"},{\"@type\":\"ListItem\",\"position\":2,\"name\":\"D\u00e9claration de l&#8217;ACSF sur les excuses du pape\"}]},{\"@type\":\"WebSite\",\"@id\":\"https:\\\/\\\/canadianmidwives.org\\\/fr\\\/#website\",\"url\":\"https:\\\/\\\/canadianmidwives.org\\\/fr\\\/\",\"name\":\"Association canadienne des sages-femmes\",\"description\":\"Des sages-femmes pour tous, partout\",\"publisher\":{\"@id\":\"https:\\\/\\\/canadianmidwives.org\\\/fr\\\/#organization\"},\"potentialAction\":[{\"@type\":\"SearchAction\",\"target\":{\"@type\":\"EntryPoint\",\"urlTemplate\":\"https:\\\/\\\/canadianmidwives.org\\\/fr\\\/?s={search_term_string}\"},\"query-input\":{\"@type\":\"PropertyValueSpecification\",\"valueRequired\":true,\"valueName\":\"search_term_string\"}}],\"inLanguage\":\"fr-CA\"},{\"@type\":\"Organization\",\"@id\":\"https:\\\/\\\/canadianmidwives.org\\\/fr\\\/#organization\",\"name\":\"Association canadienne des sages-femmes\",\"url\":\"https:\\\/\\\/canadianmidwives.org\\\/fr\\\/\",\"logo\":{\"@type\":\"ImageObject\",\"inLanguage\":\"fr-CA\",\"@id\":\"https:\\\/\\\/canadianmidwives.org\\\/fr\\\/#\\\/schema\\\/logo\\\/image\\\/\",\"url\":\"https:\\\/\\\/canadianmidwives.org\\\/sites\\\/canadianmidwives.org\\\/wp-content\\\/uploads\\\/2022\\\/03\\\/CAM-Logo-2022-1536x462-1.png\",\"contentUrl\":\"https:\\\/\\\/canadianmidwives.org\\\/sites\\\/canadianmidwives.org\\\/wp-content\\\/uploads\\\/2022\\\/03\\\/CAM-Logo-2022-1536x462-1.png\",\"width\":1536,\"height\":462,\"caption\":\"Association canadienne des sages-femmes\"},\"image\":{\"@id\":\"https:\\\/\\\/canadianmidwives.org\\\/fr\\\/#\\\/schema\\\/logo\\\/image\\\/\"},\"sameAs\":[\"https:\\\/\\\/www.facebook.com\\\/CanadianMidwives\\\/\",\"https:\\\/\\\/www.instagram.com\\\/cam_acsf\",\"https:\\\/\\\/www.linkedin.com\\\/company\\\/canadian-association-of-midwives\"]},{\"@type\":\"Person\",\"@id\":\"https:\\\/\\\/canadianmidwives.org\\\/fr\\\/#\\\/schema\\\/person\\\/70d534418530dcc7c7813e412b96ac46\",\"name\":\"Bryn Symonds\",\"description\":\"Hi, I work in Communications at CAM managing their websites (canadianmidwives.org, the Staff Portal and The Exchange). I also support the database, use experience and engagement strategies for national programs. I have over 20 years experiences working in Communications for Air Canada Vacations, agencies and not-for-profits, so feel free to ask me anything.\"}]}<\/script>\n<!-- \/ Yoast SEO plugin. -->","yoast_head_json":{"title":"D\u00e9claration de l'ACSF sur les excuses du pape - Association canadienne des sages-femmes","robots":{"index":"index","follow":"follow","max-snippet":"max-snippet:-1","max-image-preview":"max-image-preview:large","max-video-preview":"max-video-preview:-1"},"canonical":"https:\/\/canadianmidwives.org\/fr\/declaration-de-lacsf-sur-les-excuses-du-pape\/","og_locale":"fr_CA","og_type":"article","og_title":"D\u00e9claration de l'ACSF sur les excuses du pape - Association canadienne des sages-femmes","og_description":"Les excuses pr\u00e9sent\u00e9es par le pape Fran\u00e7ois aux peuples autochtones le 25 juillet dernier constituent un premier pas important vers la r\u00e9conciliation. Nous comprenons que nos coll\u00e8gues et amis autochtones prendront le temps n\u00e9cessaire pour r\u00e9fl\u00e9chir \u00e0 ces excuses et \u00e0 ce qu&rsquo;elles signifient pour leur propre gu\u00e9rison. Nous sommes \u00e9galement conscients que ces excuses&hellip;&nbsp;Lire la suite &raquo;D\u00e9claration de l&rsquo;ACSF sur les excuses du pape","og_url":"https:\/\/canadianmidwives.org\/fr\/declaration-de-lacsf-sur-les-excuses-du-pape\/","og_site_name":"Association canadienne des sages-femmes","article_publisher":"https:\/\/www.facebook.com\/CanadianMidwives\/","article_published_time":"2022-08-02T15:00:00+00:00","og_image":[{"width":1140,"height":641,"url":"https:\/\/canadianmidwives.org\/sites\/canadianmidwives.org\/wp-content\/uploads\/2022\/08\/c4162fd8-f093-4765-9b10-fa86fd05c4e8_1140x641.jpg","type":"image\/jpeg"}],"author":"Bryn Symonds","twitter_card":"summary_large_image","twitter_misc":{"\u00c9crit par":"Bryn Symonds","Estimation du temps de lecture":"1 minute"},"schema":{"@context":"https:\/\/schema.org","@graph":[{"@type":"NewsArticle","@id":"https:\/\/canadianmidwives.org\/fr\/declaration-de-lacsf-sur-les-excuses-du-pape\/#article","isPartOf":{"@id":"https:\/\/canadianmidwives.org\/fr\/declaration-de-lacsf-sur-les-excuses-du-pape\/"},"author":{"name":"Bryn Symonds","@id":"https:\/\/canadianmidwives.org\/fr\/#\/schema\/person\/70d534418530dcc7c7813e412b96ac46"},"headline":"D\u00e9claration de l&rsquo;ACSF sur les excuses du pape","datePublished":"2022-08-02T15:00:00+00:00","mainEntityOfPage":{"@id":"https:\/\/canadianmidwives.org\/fr\/declaration-de-lacsf-sur-les-excuses-du-pape\/"},"wordCount":182,"commentCount":0,"publisher":{"@id":"https:\/\/canadianmidwives.org\/fr\/#organization"},"image":{"@id":"https:\/\/canadianmidwives.org\/fr\/declaration-de-lacsf-sur-les-excuses-du-pape\/#primaryimage"},"thumbnailUrl":"https:\/\/canadianmidwives.org\/sites\/canadianmidwives.org\/wp-content\/uploads\/2022\/08\/c4162fd8-f093-4765-9b10-fa86fd05c4e8_1140x641.jpg","articleSection":["Uncategorized"],"inLanguage":"fr-CA","potentialAction":[{"@type":"CommentAction","name":"Comment","target":["https:\/\/canadianmidwives.org\/fr\/declaration-de-lacsf-sur-les-excuses-du-pape\/#respond"]}]},{"@type":"WebPage","@id":"https:\/\/canadianmidwives.org\/fr\/declaration-de-lacsf-sur-les-excuses-du-pape\/","url":"https:\/\/canadianmidwives.org\/fr\/declaration-de-lacsf-sur-les-excuses-du-pape\/","name":"D\u00e9claration de l'ACSF sur les excuses du pape - Association canadienne des sages-femmes","isPartOf":{"@id":"https:\/\/canadianmidwives.org\/fr\/#website"},"primaryImageOfPage":{"@id":"https:\/\/canadianmidwives.org\/fr\/declaration-de-lacsf-sur-les-excuses-du-pape\/#primaryimage"},"image":{"@id":"https:\/\/canadianmidwives.org\/fr\/declaration-de-lacsf-sur-les-excuses-du-pape\/#primaryimage"},"thumbnailUrl":"https:\/\/canadianmidwives.org\/sites\/canadianmidwives.org\/wp-content\/uploads\/2022\/08\/c4162fd8-f093-4765-9b10-fa86fd05c4e8_1140x641.jpg","datePublished":"2022-08-02T15:00:00+00:00","breadcrumb":{"@id":"https:\/\/canadianmidwives.org\/fr\/declaration-de-lacsf-sur-les-excuses-du-pape\/#breadcrumb"},"inLanguage":"fr-CA","potentialAction":[{"@type":"ReadAction","target":["https:\/\/canadianmidwives.org\/fr\/declaration-de-lacsf-sur-les-excuses-du-pape\/"]}]},{"@type":"ImageObject","inLanguage":"fr-CA","@id":"https:\/\/canadianmidwives.org\/fr\/declaration-de-lacsf-sur-les-excuses-du-pape\/#primaryimage","url":"https:\/\/canadianmidwives.org\/sites\/canadianmidwives.org\/wp-content\/uploads\/2022\/08\/c4162fd8-f093-4765-9b10-fa86fd05c4e8_1140x641.jpg","contentUrl":"https:\/\/canadianmidwives.org\/sites\/canadianmidwives.org\/wp-content\/uploads\/2022\/08\/c4162fd8-f093-4765-9b10-fa86fd05c4e8_1140x641.jpg","width":1140,"height":641},{"@type":"BreadcrumbList","@id":"https:\/\/canadianmidwives.org\/fr\/declaration-de-lacsf-sur-les-excuses-du-pape\/#breadcrumb","itemListElement":[{"@type":"ListItem","position":1,"name":"Accueil","item":"https:\/\/canadianmidwives.org\/fr\/"},{"@type":"ListItem","position":2,"name":"D\u00e9claration de l&#8217;ACSF sur les excuses du pape"}]},{"@type":"WebSite","@id":"https:\/\/canadianmidwives.org\/fr\/#website","url":"https:\/\/canadianmidwives.org\/fr\/","name":"Association canadienne des sages-femmes","description":"Des sages-femmes pour tous, partout","publisher":{"@id":"https:\/\/canadianmidwives.org\/fr\/#organization"},"potentialAction":[{"@type":"SearchAction","target":{"@type":"EntryPoint","urlTemplate":"https:\/\/canadianmidwives.org\/fr\/?s={search_term_string}"},"query-input":{"@type":"PropertyValueSpecification","valueRequired":true,"valueName":"search_term_string"}}],"inLanguage":"fr-CA"},{"@type":"Organization","@id":"https:\/\/canadianmidwives.org\/fr\/#organization","name":"Association canadienne des sages-femmes","url":"https:\/\/canadianmidwives.org\/fr\/","logo":{"@type":"ImageObject","inLanguage":"fr-CA","@id":"https:\/\/canadianmidwives.org\/fr\/#\/schema\/logo\/image\/","url":"https:\/\/canadianmidwives.org\/sites\/canadianmidwives.org\/wp-content\/uploads\/2022\/03\/CAM-Logo-2022-1536x462-1.png","contentUrl":"https:\/\/canadianmidwives.org\/sites\/canadianmidwives.org\/wp-content\/uploads\/2022\/03\/CAM-Logo-2022-1536x462-1.png","width":1536,"height":462,"caption":"Association canadienne des sages-femmes"},"image":{"@id":"https:\/\/canadianmidwives.org\/fr\/#\/schema\/logo\/image\/"},"sameAs":["https:\/\/www.facebook.com\/CanadianMidwives\/","https:\/\/www.instagram.com\/cam_acsf","https:\/\/www.linkedin.com\/company\/canadian-association-of-midwives"]},{"@type":"Person","@id":"https:\/\/canadianmidwives.org\/fr\/#\/schema\/person\/70d534418530dcc7c7813e412b96ac46","name":"Bryn Symonds","description":"Hi, I work in Communications at CAM managing their websites (canadianmidwives.org, the Staff Portal and The Exchange). I also support the database, use experience and engagement strategies for national programs. I have over 20 years experiences working in Communications for Air Canada Vacations, agencies and not-for-profits, so feel free to ask me anything."}]}},"_links":{"self":[{"href":"https:\/\/canadianmidwives.org\/fr\/wp-json\/wp\/v2\/posts\/67181","targetHints":{"allow":["GET"]}}],"collection":[{"href":"https:\/\/canadianmidwives.org\/fr\/wp-json\/wp\/v2\/posts"}],"about":[{"href":"https:\/\/canadianmidwives.org\/fr\/wp-json\/wp\/v2\/types\/post"}],"author":[{"embeddable":true,"href":"https:\/\/canadianmidwives.org\/fr\/wp-json\/wp\/v2\/users\/25"}],"replies":[{"embeddable":true,"href":"https:\/\/canadianmidwives.org\/fr\/wp-json\/wp\/v2\/comments?post=67181"}],"version-history":[{"count":2,"href":"https:\/\/canadianmidwives.org\/fr\/wp-json\/wp\/v2\/posts\/67181\/revisions"}],"predecessor-version":[{"id":67184,"href":"https:\/\/canadianmidwives.org\/fr\/wp-json\/wp\/v2\/posts\/67181\/revisions\/67184"}],"wp:featuredmedia":[{"embeddable":true,"href":"https:\/\/canadianmidwives.org\/fr\/wp-json\/wp\/v2\/media\/67178"}],"wp:attachment":[{"href":"https:\/\/canadianmidwives.org\/fr\/wp-json\/wp\/v2\/media?parent=67181"}],"wp:term":[{"taxonomy":"category","embeddable":true,"href":"https:\/\/canadianmidwives.org\/fr\/wp-json\/wp\/v2\/categories?post=67181"},{"taxonomy":"post_tag","embeddable":true,"href":"https:\/\/canadianmidwives.org\/fr\/wp-json\/wp\/v2\/tags?post=67181"}],"curies":[{"name":"wp","href":"https:\/\/api.w.org\/{rel}","templated":true}]}}