{"id":67657,"date":"2022-09-09T16:32:26","date_gmt":"2022-09-09T20:32:26","guid":{"rendered":"https:\/\/canadianmidwives.org\/?p=67657"},"modified":"2022-10-25T12:24:12","modified_gmt":"2022-10-25T16:24:12","slug":"appel-a-candidature-membres-du-cercle-de-leadership-canadian-alliance-of-racialized-midwives-carm","status":"publish","type":"post","link":"https:\/\/canadianmidwives.org\/fr\/appel-a-candidature-membres-du-cercle-de-leadership-canadian-alliance-of-racialized-midwives-carm\/","title":{"rendered":"Appel \u00e0 candidature : Membres du cercle de leadership Canadian Alliance of Racialized Midwives (CARM)"},"content":{"rendered":"\n<p><\/p>\n\n\n\n<p>The Canadian Alliance of Racialized Midwives (CARM) recherche des membres pour se joindre \u00e0 son premier Cercle de leadership de base.<\/p>\n\n\n\n<p>CARM invite les membres \u00e0 proposer leur candidature. <strong>Les nouvelles voix qui n&rsquo;ont aucune exp\u00e9rience pr\u00e9alable du travail en comit\u00e9 ou des r\u00f4les de leadership sont encourag\u00e9es \u00e0 poser leur candidature.<\/strong><\/p>\n\n\n<div class=\"wp-block-image\">\n<figure class=\"alignleft size-medium is-resized\"><img loading=\"lazy\" decoding=\"async\" src=\"https:\/\/canadianmidwives.org\/sites\/canadianmidwives.org\/wp-content\/uploads\/2022\/09\/My-project-1-2-300x300.png\" alt=\"\" class=\"wp-image-67662\" width=\"349\" height=\"349\" srcset=\"https:\/\/canadianmidwives.org\/sites\/canadianmidwives.org\/wp-content\/uploads\/2022\/09\/My-project-1-2-300x300.png 300w, https:\/\/canadianmidwives.org\/sites\/canadianmidwives.org\/wp-content\/uploads\/2022\/09\/My-project-1-2-1024x1024.png 1024w, https:\/\/canadianmidwives.org\/sites\/canadianmidwives.org\/wp-content\/uploads\/2022\/09\/My-project-1-2-150x150.png 150w, https:\/\/canadianmidwives.org\/sites\/canadianmidwives.org\/wp-content\/uploads\/2022\/09\/My-project-1-2-768x768.png 768w, https:\/\/canadianmidwives.org\/sites\/canadianmidwives.org\/wp-content\/uploads\/2022\/09\/My-project-1-2-600x600.png 600w, https:\/\/canadianmidwives.org\/sites\/canadianmidwives.org\/wp-content\/uploads\/2022\/09\/My-project-1-2-100x100.png 100w, https:\/\/canadianmidwives.org\/sites\/canadianmidwives.org\/wp-content\/uploads\/2022\/09\/My-project-1-2-120x120.png 120w, https:\/\/canadianmidwives.org\/sites\/canadianmidwives.org\/wp-content\/uploads\/2022\/09\/My-project-1-2.png 1080w\" sizes=\"auto, (max-width: 349px) 100vw, 349px\" \/><\/figure>\n<\/div>\n\n\n<p><strong>CARM recherche des membres du Core Leadership avec :<\/strong><\/p>\n\n\n\n<p>Une diversit\u00e9 d&rsquo;exp\u00e9riences v\u00e9cues en tant que personne noire ou racialis\u00e9e, ou des membres autochtones et racialis\u00e9s. L&rsquo;intersectionnalit\u00e9, comme l&rsquo;exp\u00e9rience en tant que 2SLGBTQ+, minorit\u00e9 religieuse, francophone, form\u00e9 \u00e0 l&rsquo;\u00e9tranger ou membre ayant un handicap, est pr\u00e9cieuse pour \u00e9largir les voix et les perspectives au sein du Cercle de leadership de base ; y compris la diversit\u00e9 de l&rsquo;exp\u00e9rience professionnelle, comme les ann\u00e9es de pratique ou les contextes de pratique (par exemple, urbain, rural, grandes et petites pratiques).<\/p>\n\n\n\n<p>Pour en savoir plus sur les postes, veuillez consulter le formulaire de candidature <a href=\"https:\/\/canadianmidwives.org\/sites\/canadianmidwives.org\/wp-content\/uploads\/2022\/09\/CARM_Call-for-Core-Leadership-Circle_20220908.pdf\">ici<\/a>.<br><\/p>\n\n\n\n<p>Veuillez envoyer les candidatures avant le <strong>07 novembre 2022<\/strong> \u00e0 Annie Hibbert <a href=\"mailto:ahibbert@canadianmidwives.org\">ahibbert@canadianmidwives.org<\/a>.<\/p>\n\n\n\n<p><strong>\u00c0 propos de CARM :<\/strong><\/p>\n\n\n\n<p>Canadian Alliance of Racialized Midwives (CARM) s&rsquo;est r\u00e9unie pour offrir une plateforme nationale de soutien, de connexion, de d\u00e9fense des int\u00e9r\u00eats et de d\u00e9veloppement professionnel \u00e0 la communaut\u00e9 des sages-femmes racialis\u00e9es. La CARM fournit des conseils et des recommandations \u00e0 l&rsquo;Association canadienne des sages-femmes (ACSF) et apporte un soutien aux sages-femmes et aux \u00e9tudiants sages-femmes racialis\u00e9s dans les provinces et les territoires.<\/p>\n\n\n\n<p><\/p>\n\n\n\n<p>Pour en savoir plus sur CARM, dites-vous que vous pouvez consulter son projet de mandat <a href=\"https:\/\/canadianmidwives.org\/sites\/canadianmidwives.org\/wp-content\/uploads\/2022\/09\/CARM_DRAFT_Terms-of-Reference_20220908.pdf\">ici<\/a>.<br><\/p>\n\n\n\n<p>L&rsquo;adh\u00e9sion g\u00e9n\u00e9rale vous int\u00e9resse ? Contactez Annie Hibbert <a href=\"mailto:ahibbert@canadianmidwives.org\">ahibbert@canadianmidwives.org<\/a><\/p>\n","protected":false},"excerpt":{"rendered":"<p>The Canadian Alliance of Racialized Midwives (CARM) recherche des membres pour se joindre \u00e0 son premier Cercle de leadership de base. CARM invite les membres \u00e0 proposer leur candidature. Les nouvelles voix qui n&rsquo;ont aucune exp\u00e9rience pr\u00e9alable du travail en comit\u00e9 ou des r\u00f4les de leadership sont encourag\u00e9es \u00e0 poser leur candidature. CARM recherche des&hellip;&nbsp;<a href=\"https:\/\/canadianmidwives.org\/fr\/appel-a-candidature-membres-du-cercle-de-leadership-canadian-alliance-of-racialized-midwives-carm\/\" rel=\"bookmark\">Lire la suite &raquo;<span class=\"screen-reader-text\">Appel \u00e0 candidature : Membres du cercle de leadership Canadian Alliance of Racialized Midwives (CARM)<\/span><\/a><\/p>\n","protected":false},"author":10,"featured_media":67662,"comment_status":"open","ping_status":"open","sticky":false,"template":"","format":"standard","meta":{"_monsterinsights_skip_tracking":false,"_monsterinsights_sitenote_active":false,"_monsterinsights_sitenote_note":"","_monsterinsights_sitenote_category":0,"neve_meta_sidebar":"","neve_meta_container":"","neve_meta_enable_content_width":"","neve_meta_content_width":0,"neve_meta_title_alignment":"","neve_meta_author_avatar":"","neve_post_elements_order":"","neve_meta_disable_header":"","neve_meta_disable_footer":"","neve_meta_disable_title":"","_themeisle_gutenberg_block_has_review":false,"footnotes":""},"categories":[1],"tags":[],"class_list":["post-67657","post","type-post","status-publish","format-standard","has-post-thumbnail","hentry","category-uncategorized"],"yoast_head":"<!-- This site is optimized with the Yoast SEO plugin v27.4 - https:\/\/yoast.com\/product\/yoast-seo-wordpress\/ -->\n<title>Appel \u00e0 candidature : Membres du cercle de leadership Canadian Alliance of Racialized Midwives (CARM) - Association canadienne des sages-femmes<\/title>\n<meta name=\"robots\" content=\"index, follow, max-snippet:-1, max-image-preview:large, max-video-preview:-1\" \/>\n<link rel=\"canonical\" href=\"https:\/\/canadianmidwives.org\/fr\/appel-a-candidature-membres-du-cercle-de-leadership-canadian-alliance-of-racialized-midwives-carm\/\" \/>\n<meta property=\"og:locale\" content=\"fr_CA\" \/>\n<meta property=\"og:type\" content=\"article\" \/>\n<meta property=\"og:title\" content=\"Appel \u00e0 candidature : Membres du cercle de leadership Canadian Alliance of Racialized Midwives (CARM) - Association canadienne des sages-femmes\" \/>\n<meta property=\"og:description\" content=\"The Canadian Alliance of Racialized Midwives (CARM) recherche des membres pour se joindre \u00e0 son premier Cercle de leadership de base. CARM invite les membres \u00e0 proposer leur candidature. Les nouvelles voix qui n&rsquo;ont aucune exp\u00e9rience pr\u00e9alable du travail en comit\u00e9 ou des r\u00f4les de leadership sont encourag\u00e9es \u00e0 poser leur candidature. CARM recherche des&hellip;&nbsp;Lire la suite &raquo;Appel \u00e0 candidature : Membres du cercle de leadership Canadian Alliance of Racialized Midwives (CARM)\" \/>\n<meta property=\"og:url\" content=\"https:\/\/canadianmidwives.org\/fr\/appel-a-candidature-membres-du-cercle-de-leadership-canadian-alliance-of-racialized-midwives-carm\/\" \/>\n<meta property=\"og:site_name\" content=\"Association canadienne des sages-femmes\" \/>\n<meta property=\"article:publisher\" content=\"https:\/\/www.facebook.com\/CanadianMidwives\/\" \/>\n<meta property=\"article:published_time\" content=\"2022-09-09T20:32:26+00:00\" \/>\n<meta property=\"article:modified_time\" content=\"2022-10-25T16:24:12+00:00\" \/>\n<meta property=\"og:image\" content=\"https:\/\/canadianmidwives.org\/sites\/canadianmidwives.org\/wp-content\/uploads\/2022\/09\/My-project-1-2.png\" \/>\n\t<meta property=\"og:image:width\" content=\"1080\" \/>\n\t<meta property=\"og:image:height\" content=\"1080\" \/>\n\t<meta property=\"og:image:type\" content=\"image\/png\" \/>\n<meta name=\"author\" content=\"Jo Muise\" \/>\n<meta name=\"twitter:card\" content=\"summary_large_image\" \/>\n<meta name=\"twitter:label1\" content=\"\u00c9crit par\" \/>\n\t<meta name=\"twitter:data1\" content=\"Jo Muise\" \/>\n\t<meta name=\"twitter:label2\" content=\"Estimation du temps de lecture\" \/>\n\t<meta name=\"twitter:data2\" content=\"2 minutes\" \/>\n<script type=\"application\/ld+json\" class=\"yoast-schema-graph\">{\"@context\":\"https:\\\/\\\/schema.org\",\"@graph\":[{\"@type\":\"NewsArticle\",\"@id\":\"https:\\\/\\\/canadianmidwives.org\\\/fr\\\/appel-a-candidature-membres-du-cercle-de-leadership-canadian-alliance-of-racialized-midwives-carm\\\/#article\",\"isPartOf\":{\"@id\":\"https:\\\/\\\/canadianmidwives.org\\\/fr\\\/appel-a-candidature-membres-du-cercle-de-leadership-canadian-alliance-of-racialized-midwives-carm\\\/\"},\"author\":{\"name\":\"Jo Muise\",\"@id\":\"https:\\\/\\\/canadianmidwives.org\\\/fr\\\/#\\\/schema\\\/person\\\/34738c8e5b166f3fa9f4747cca80c96b\"},\"headline\":\"Appel \u00e0 candidature : Membres du cercle de leadership Canadian Alliance of Racialized Midwives (CARM)\",\"datePublished\":\"2022-09-09T20:32:26+00:00\",\"dateModified\":\"2022-10-25T16:24:12+00:00\",\"mainEntityOfPage\":{\"@id\":\"https:\\\/\\\/canadianmidwives.org\\\/fr\\\/appel-a-candidature-membres-du-cercle-de-leadership-canadian-alliance-of-racialized-midwives-carm\\\/\"},\"wordCount\":293,\"commentCount\":0,\"publisher\":{\"@id\":\"https:\\\/\\\/canadianmidwives.org\\\/fr\\\/#organization\"},\"image\":{\"@id\":\"https:\\\/\\\/canadianmidwives.org\\\/fr\\\/appel-a-candidature-membres-du-cercle-de-leadership-canadian-alliance-of-racialized-midwives-carm\\\/#primaryimage\"},\"thumbnailUrl\":\"https:\\\/\\\/canadianmidwives.org\\\/sites\\\/canadianmidwives.org\\\/wp-content\\\/uploads\\\/2022\\\/09\\\/My-project-1-2.png\",\"articleSection\":[\"Uncategorized\"],\"inLanguage\":\"fr-CA\",\"potentialAction\":[{\"@type\":\"CommentAction\",\"name\":\"Comment\",\"target\":[\"https:\\\/\\\/canadianmidwives.org\\\/fr\\\/appel-a-candidature-membres-du-cercle-de-leadership-canadian-alliance-of-racialized-midwives-carm\\\/#respond\"]}]},{\"@type\":\"WebPage\",\"@id\":\"https:\\\/\\\/canadianmidwives.org\\\/fr\\\/appel-a-candidature-membres-du-cercle-de-leadership-canadian-alliance-of-racialized-midwives-carm\\\/\",\"url\":\"https:\\\/\\\/canadianmidwives.org\\\/fr\\\/appel-a-candidature-membres-du-cercle-de-leadership-canadian-alliance-of-racialized-midwives-carm\\\/\",\"name\":\"Appel \u00e0 candidature : Membres du cercle de leadership Canadian Alliance of Racialized Midwives (CARM) - Association canadienne des sages-femmes\",\"isPartOf\":{\"@id\":\"https:\\\/\\\/canadianmidwives.org\\\/fr\\\/#website\"},\"primaryImageOfPage\":{\"@id\":\"https:\\\/\\\/canadianmidwives.org\\\/fr\\\/appel-a-candidature-membres-du-cercle-de-leadership-canadian-alliance-of-racialized-midwives-carm\\\/#primaryimage\"},\"image\":{\"@id\":\"https:\\\/\\\/canadianmidwives.org\\\/fr\\\/appel-a-candidature-membres-du-cercle-de-leadership-canadian-alliance-of-racialized-midwives-carm\\\/#primaryimage\"},\"thumbnailUrl\":\"https:\\\/\\\/canadianmidwives.org\\\/sites\\\/canadianmidwives.org\\\/wp-content\\\/uploads\\\/2022\\\/09\\\/My-project-1-2.png\",\"datePublished\":\"2022-09-09T20:32:26+00:00\",\"dateModified\":\"2022-10-25T16:24:12+00:00\",\"breadcrumb\":{\"@id\":\"https:\\\/\\\/canadianmidwives.org\\\/fr\\\/appel-a-candidature-membres-du-cercle-de-leadership-canadian-alliance-of-racialized-midwives-carm\\\/#breadcrumb\"},\"inLanguage\":\"fr-CA\",\"potentialAction\":[{\"@type\":\"ReadAction\",\"target\":[\"https:\\\/\\\/canadianmidwives.org\\\/fr\\\/appel-a-candidature-membres-du-cercle-de-leadership-canadian-alliance-of-racialized-midwives-carm\\\/\"]}]},{\"@type\":\"ImageObject\",\"inLanguage\":\"fr-CA\",\"@id\":\"https:\\\/\\\/canadianmidwives.org\\\/fr\\\/appel-a-candidature-membres-du-cercle-de-leadership-canadian-alliance-of-racialized-midwives-carm\\\/#primaryimage\",\"url\":\"https:\\\/\\\/canadianmidwives.org\\\/sites\\\/canadianmidwives.org\\\/wp-content\\\/uploads\\\/2022\\\/09\\\/My-project-1-2.png\",\"contentUrl\":\"https:\\\/\\\/canadianmidwives.org\\\/sites\\\/canadianmidwives.org\\\/wp-content\\\/uploads\\\/2022\\\/09\\\/My-project-1-2.png\",\"width\":1080,\"height\":1080},{\"@type\":\"BreadcrumbList\",\"@id\":\"https:\\\/\\\/canadianmidwives.org\\\/fr\\\/appel-a-candidature-membres-du-cercle-de-leadership-canadian-alliance-of-racialized-midwives-carm\\\/#breadcrumb\",\"itemListElement\":[{\"@type\":\"ListItem\",\"position\":1,\"name\":\"Accueil\",\"item\":\"https:\\\/\\\/canadianmidwives.org\\\/fr\\\/\"},{\"@type\":\"ListItem\",\"position\":2,\"name\":\"Appel \u00e0 candidature : Membres du cercle de leadership Canadian Alliance of Racialized Midwives (CARM)\"}]},{\"@type\":\"WebSite\",\"@id\":\"https:\\\/\\\/canadianmidwives.org\\\/fr\\\/#website\",\"url\":\"https:\\\/\\\/canadianmidwives.org\\\/fr\\\/\",\"name\":\"Association canadienne des sages-femmes\",\"description\":\"Des sages-femmes pour tous, partout\",\"publisher\":{\"@id\":\"https:\\\/\\\/canadianmidwives.org\\\/fr\\\/#organization\"},\"potentialAction\":[{\"@type\":\"SearchAction\",\"target\":{\"@type\":\"EntryPoint\",\"urlTemplate\":\"https:\\\/\\\/canadianmidwives.org\\\/fr\\\/?s={search_term_string}\"},\"query-input\":{\"@type\":\"PropertyValueSpecification\",\"valueRequired\":true,\"valueName\":\"search_term_string\"}}],\"inLanguage\":\"fr-CA\"},{\"@type\":\"Organization\",\"@id\":\"https:\\\/\\\/canadianmidwives.org\\\/fr\\\/#organization\",\"name\":\"Association canadienne des sages-femmes\",\"url\":\"https:\\\/\\\/canadianmidwives.org\\\/fr\\\/\",\"logo\":{\"@type\":\"ImageObject\",\"inLanguage\":\"fr-CA\",\"@id\":\"https:\\\/\\\/canadianmidwives.org\\\/fr\\\/#\\\/schema\\\/logo\\\/image\\\/\",\"url\":\"https:\\\/\\\/canadianmidwives.org\\\/sites\\\/canadianmidwives.org\\\/wp-content\\\/uploads\\\/2022\\\/03\\\/CAM-Logo-2022-1536x462-1.png\",\"contentUrl\":\"https:\\\/\\\/canadianmidwives.org\\\/sites\\\/canadianmidwives.org\\\/wp-content\\\/uploads\\\/2022\\\/03\\\/CAM-Logo-2022-1536x462-1.png\",\"width\":1536,\"height\":462,\"caption\":\"Association canadienne des sages-femmes\"},\"image\":{\"@id\":\"https:\\\/\\\/canadianmidwives.org\\\/fr\\\/#\\\/schema\\\/logo\\\/image\\\/\"},\"sameAs\":[\"https:\\\/\\\/www.facebook.com\\\/CanadianMidwives\\\/\",\"https:\\\/\\\/www.instagram.com\\\/cam_acsf\",\"https:\\\/\\\/www.linkedin.com\\\/company\\\/canadian-association-of-midwives\"]},{\"@type\":\"Person\",\"@id\":\"https:\\\/\\\/canadianmidwives.org\\\/fr\\\/#\\\/schema\\\/person\\\/34738c8e5b166f3fa9f4747cca80c96b\",\"name\":\"Jo Muise\",\"description\":\"jmuise@canadianmidwives.org\"}]}<\/script>\n<!-- \/ Yoast SEO plugin. -->","yoast_head_json":{"title":"Appel \u00e0 candidature : Membres du cercle de leadership Canadian Alliance of Racialized Midwives (CARM) - Association canadienne des sages-femmes","robots":{"index":"index","follow":"follow","max-snippet":"max-snippet:-1","max-image-preview":"max-image-preview:large","max-video-preview":"max-video-preview:-1"},"canonical":"https:\/\/canadianmidwives.org\/fr\/appel-a-candidature-membres-du-cercle-de-leadership-canadian-alliance-of-racialized-midwives-carm\/","og_locale":"fr_CA","og_type":"article","og_title":"Appel \u00e0 candidature : Membres du cercle de leadership Canadian Alliance of Racialized Midwives (CARM) - Association canadienne des sages-femmes","og_description":"The Canadian Alliance of Racialized Midwives (CARM) recherche des membres pour se joindre \u00e0 son premier Cercle de leadership de base. CARM invite les membres \u00e0 proposer leur candidature. Les nouvelles voix qui n&rsquo;ont aucune exp\u00e9rience pr\u00e9alable du travail en comit\u00e9 ou des r\u00f4les de leadership sont encourag\u00e9es \u00e0 poser leur candidature. CARM recherche des&hellip;&nbsp;Lire la suite &raquo;Appel \u00e0 candidature : Membres du cercle de leadership Canadian Alliance of Racialized Midwives (CARM)","og_url":"https:\/\/canadianmidwives.org\/fr\/appel-a-candidature-membres-du-cercle-de-leadership-canadian-alliance-of-racialized-midwives-carm\/","og_site_name":"Association canadienne des sages-femmes","article_publisher":"https:\/\/www.facebook.com\/CanadianMidwives\/","article_published_time":"2022-09-09T20:32:26+00:00","article_modified_time":"2022-10-25T16:24:12+00:00","og_image":[{"width":1080,"height":1080,"url":"https:\/\/canadianmidwives.org\/sites\/canadianmidwives.org\/wp-content\/uploads\/2022\/09\/My-project-1-2.png","type":"image\/png"}],"author":"Jo Muise","twitter_card":"summary_large_image","twitter_misc":{"\u00c9crit par":"Jo Muise","Estimation du temps de lecture":"2 minutes"},"schema":{"@context":"https:\/\/schema.org","@graph":[{"@type":"NewsArticle","@id":"https:\/\/canadianmidwives.org\/fr\/appel-a-candidature-membres-du-cercle-de-leadership-canadian-alliance-of-racialized-midwives-carm\/#article","isPartOf":{"@id":"https:\/\/canadianmidwives.org\/fr\/appel-a-candidature-membres-du-cercle-de-leadership-canadian-alliance-of-racialized-midwives-carm\/"},"author":{"name":"Jo Muise","@id":"https:\/\/canadianmidwives.org\/fr\/#\/schema\/person\/34738c8e5b166f3fa9f4747cca80c96b"},"headline":"Appel \u00e0 candidature : Membres du cercle de leadership Canadian Alliance of Racialized Midwives (CARM)","datePublished":"2022-09-09T20:32:26+00:00","dateModified":"2022-10-25T16:24:12+00:00","mainEntityOfPage":{"@id":"https:\/\/canadianmidwives.org\/fr\/appel-a-candidature-membres-du-cercle-de-leadership-canadian-alliance-of-racialized-midwives-carm\/"},"wordCount":293,"commentCount":0,"publisher":{"@id":"https:\/\/canadianmidwives.org\/fr\/#organization"},"image":{"@id":"https:\/\/canadianmidwives.org\/fr\/appel-a-candidature-membres-du-cercle-de-leadership-canadian-alliance-of-racialized-midwives-carm\/#primaryimage"},"thumbnailUrl":"https:\/\/canadianmidwives.org\/sites\/canadianmidwives.org\/wp-content\/uploads\/2022\/09\/My-project-1-2.png","articleSection":["Uncategorized"],"inLanguage":"fr-CA","potentialAction":[{"@type":"CommentAction","name":"Comment","target":["https:\/\/canadianmidwives.org\/fr\/appel-a-candidature-membres-du-cercle-de-leadership-canadian-alliance-of-racialized-midwives-carm\/#respond"]}]},{"@type":"WebPage","@id":"https:\/\/canadianmidwives.org\/fr\/appel-a-candidature-membres-du-cercle-de-leadership-canadian-alliance-of-racialized-midwives-carm\/","url":"https:\/\/canadianmidwives.org\/fr\/appel-a-candidature-membres-du-cercle-de-leadership-canadian-alliance-of-racialized-midwives-carm\/","name":"Appel \u00e0 candidature : Membres du cercle de leadership Canadian Alliance of Racialized Midwives (CARM) - Association canadienne des sages-femmes","isPartOf":{"@id":"https:\/\/canadianmidwives.org\/fr\/#website"},"primaryImageOfPage":{"@id":"https:\/\/canadianmidwives.org\/fr\/appel-a-candidature-membres-du-cercle-de-leadership-canadian-alliance-of-racialized-midwives-carm\/#primaryimage"},"image":{"@id":"https:\/\/canadianmidwives.org\/fr\/appel-a-candidature-membres-du-cercle-de-leadership-canadian-alliance-of-racialized-midwives-carm\/#primaryimage"},"thumbnailUrl":"https:\/\/canadianmidwives.org\/sites\/canadianmidwives.org\/wp-content\/uploads\/2022\/09\/My-project-1-2.png","datePublished":"2022-09-09T20:32:26+00:00","dateModified":"2022-10-25T16:24:12+00:00","breadcrumb":{"@id":"https:\/\/canadianmidwives.org\/fr\/appel-a-candidature-membres-du-cercle-de-leadership-canadian-alliance-of-racialized-midwives-carm\/#breadcrumb"},"inLanguage":"fr-CA","potentialAction":[{"@type":"ReadAction","target":["https:\/\/canadianmidwives.org\/fr\/appel-a-candidature-membres-du-cercle-de-leadership-canadian-alliance-of-racialized-midwives-carm\/"]}]},{"@type":"ImageObject","inLanguage":"fr-CA","@id":"https:\/\/canadianmidwives.org\/fr\/appel-a-candidature-membres-du-cercle-de-leadership-canadian-alliance-of-racialized-midwives-carm\/#primaryimage","url":"https:\/\/canadianmidwives.org\/sites\/canadianmidwives.org\/wp-content\/uploads\/2022\/09\/My-project-1-2.png","contentUrl":"https:\/\/canadianmidwives.org\/sites\/canadianmidwives.org\/wp-content\/uploads\/2022\/09\/My-project-1-2.png","width":1080,"height":1080},{"@type":"BreadcrumbList","@id":"https:\/\/canadianmidwives.org\/fr\/appel-a-candidature-membres-du-cercle-de-leadership-canadian-alliance-of-racialized-midwives-carm\/#breadcrumb","itemListElement":[{"@type":"ListItem","position":1,"name":"Accueil","item":"https:\/\/canadianmidwives.org\/fr\/"},{"@type":"ListItem","position":2,"name":"Appel \u00e0 candidature : Membres du cercle de leadership Canadian Alliance of Racialized Midwives (CARM)"}]},{"@type":"WebSite","@id":"https:\/\/canadianmidwives.org\/fr\/#website","url":"https:\/\/canadianmidwives.org\/fr\/","name":"Association canadienne des sages-femmes","description":"Des sages-femmes pour tous, partout","publisher":{"@id":"https:\/\/canadianmidwives.org\/fr\/#organization"},"potentialAction":[{"@type":"SearchAction","target":{"@type":"EntryPoint","urlTemplate":"https:\/\/canadianmidwives.org\/fr\/?s={search_term_string}"},"query-input":{"@type":"PropertyValueSpecification","valueRequired":true,"valueName":"search_term_string"}}],"inLanguage":"fr-CA"},{"@type":"Organization","@id":"https:\/\/canadianmidwives.org\/fr\/#organization","name":"Association canadienne des sages-femmes","url":"https:\/\/canadianmidwives.org\/fr\/","logo":{"@type":"ImageObject","inLanguage":"fr-CA","@id":"https:\/\/canadianmidwives.org\/fr\/#\/schema\/logo\/image\/","url":"https:\/\/canadianmidwives.org\/sites\/canadianmidwives.org\/wp-content\/uploads\/2022\/03\/CAM-Logo-2022-1536x462-1.png","contentUrl":"https:\/\/canadianmidwives.org\/sites\/canadianmidwives.org\/wp-content\/uploads\/2022\/03\/CAM-Logo-2022-1536x462-1.png","width":1536,"height":462,"caption":"Association canadienne des sages-femmes"},"image":{"@id":"https:\/\/canadianmidwives.org\/fr\/#\/schema\/logo\/image\/"},"sameAs":["https:\/\/www.facebook.com\/CanadianMidwives\/","https:\/\/www.instagram.com\/cam_acsf","https:\/\/www.linkedin.com\/company\/canadian-association-of-midwives"]},{"@type":"Person","@id":"https:\/\/canadianmidwives.org\/fr\/#\/schema\/person\/34738c8e5b166f3fa9f4747cca80c96b","name":"Jo Muise","description":"jmuise@canadianmidwives.org"}]}},"_links":{"self":[{"href":"https:\/\/canadianmidwives.org\/fr\/wp-json\/wp\/v2\/posts\/67657","targetHints":{"allow":["GET"]}}],"collection":[{"href":"https:\/\/canadianmidwives.org\/fr\/wp-json\/wp\/v2\/posts"}],"about":[{"href":"https:\/\/canadianmidwives.org\/fr\/wp-json\/wp\/v2\/types\/post"}],"author":[{"embeddable":true,"href":"https:\/\/canadianmidwives.org\/fr\/wp-json\/wp\/v2\/users\/10"}],"replies":[{"embeddable":true,"href":"https:\/\/canadianmidwives.org\/fr\/wp-json\/wp\/v2\/comments?post=67657"}],"version-history":[{"count":3,"href":"https:\/\/canadianmidwives.org\/fr\/wp-json\/wp\/v2\/posts\/67657\/revisions"}],"predecessor-version":[{"id":68071,"href":"https:\/\/canadianmidwives.org\/fr\/wp-json\/wp\/v2\/posts\/67657\/revisions\/68071"}],"wp:featuredmedia":[{"embeddable":true,"href":"https:\/\/canadianmidwives.org\/fr\/wp-json\/wp\/v2\/media\/67662"}],"wp:attachment":[{"href":"https:\/\/canadianmidwives.org\/fr\/wp-json\/wp\/v2\/media?parent=67657"}],"wp:term":[{"taxonomy":"category","embeddable":true,"href":"https:\/\/canadianmidwives.org\/fr\/wp-json\/wp\/v2\/categories?post=67657"},{"taxonomy":"post_tag","embeddable":true,"href":"https:\/\/canadianmidwives.org\/fr\/wp-json\/wp\/v2\/tags?post=67657"}],"curies":[{"name":"wp","href":"https:\/\/api.w.org\/{rel}","templated":true}]}}