{"id":85033,"date":"2026-04-27T13:00:36","date_gmt":"2026-04-27T17:00:36","guid":{"rendered":"https:\/\/canadianmidwives.org\/?p=85033"},"modified":"2026-04-27T13:00:40","modified_gmt":"2026-04-27T17:00:40","slug":"acsf-mondial-hiver-printemps-2026","status":"publish","type":"post","link":"https:\/\/canadianmidwives.org\/fr\/acsf-mondial-hiver-printemps-2026\/","title":{"rendered":"ACSF-Mondial hiver-printemps 2026"},"content":{"rendered":"\n<p><strong>Aper\u00e7u<\/strong>&nbsp;<\/p>\n\n\n\n<p>Dans l\u2019ensemble des projets du programme Global de l\u2019ACSF , les partenaires renforcent la sant\u00e9 et les droits sexuels et reproductifs gr\u00e2ce \u00e0 la recherche, \u00e0 la formation, aux communications, au renforcement des syst\u00e8mes et \u00e0 la collaboration interculturelle. Du Soudan du Sud et du Malawi \u00e0 Ha\u00efti, au Venezuela, \u00e0 la Somalie et au Somaliland, les activit\u00e9s r\u00e9centes ont port\u00e9 sur l\u2019am\u00e9lioration de la formation en pratique sage-femme, l\u2019\u00e9largissement de l\u2019engagement du public, l\u2019appui \u00e0 la r\u00e9forme r\u00e9glementaire, le renforcement des associations de sages-femmes locales et la promotion de soins plus inclusifs et fond\u00e9s sur les droits.&nbsp;&nbsp;<\/p>\n\n\n\n<p>Ce trimestre, les activit\u00e9s comprenaient de la recherche formative, de la programmation radio, des ateliers de renforcement des capacit\u00e9s, la mise en \u0153uvre de programmes d\u2019\u00e9tudes, la planification strat\u00e9gique, la formation en soins maternels et n\u00e9onatals respectueux ainsi que le dialogue sur la pratique sage-femme autochtone.&nbsp;&nbsp;<\/p>\n\n\n\n<p>Ensemble, ces efforts refl\u00e8tent l\u2019engagement du programme Global de l\u2019ACSF envers un changement durable, sensible au genre, dirig\u00e9 localement et adapt\u00e9 \u00e0 des contextes humanitaires tr\u00e8s diversifi\u00e9s, souvent parmi les plus difficiles.&nbsp;&nbsp;<\/p>\n\n\n\n<figure class=\"wp-block-image size-full is-resized\" id=\"block-3b61d9c6-010c-4124-a30a-ae330af55bf9\"><img loading=\"lazy\" decoding=\"async\" width=\"1080\" height=\"1080\" src=\"https:\/\/canadianmidwives.org\/sites\/canadianmidwives.org\/wp-content\/uploads\/2026\/04\/600492921_1177555234574604_8606311303052778479_n.jpg\" alt=\"\" class=\"wp-image-85053\" style=\"width:819px;height:auto\" srcset=\"https:\/\/canadianmidwives.org\/sites\/canadianmidwives.org\/wp-content\/uploads\/2026\/04\/600492921_1177555234574604_8606311303052778479_n.jpg 1080w, https:\/\/canadianmidwives.org\/sites\/canadianmidwives.org\/wp-content\/uploads\/2026\/04\/600492921_1177555234574604_8606311303052778479_n-300x300.jpg 300w, https:\/\/canadianmidwives.org\/sites\/canadianmidwives.org\/wp-content\/uploads\/2026\/04\/600492921_1177555234574604_8606311303052778479_n-1024x1024.jpg 1024w, https:\/\/canadianmidwives.org\/sites\/canadianmidwives.org\/wp-content\/uploads\/2026\/04\/600492921_1177555234574604_8606311303052778479_n-150x150.jpg 150w, https:\/\/canadianmidwives.org\/sites\/canadianmidwives.org\/wp-content\/uploads\/2026\/04\/600492921_1177555234574604_8606311303052778479_n-768x768.jpg 768w, https:\/\/canadianmidwives.org\/sites\/canadianmidwives.org\/wp-content\/uploads\/2026\/04\/600492921_1177555234574604_8606311303052778479_n-600x600.jpg 600w, https:\/\/canadianmidwives.org\/sites\/canadianmidwives.org\/wp-content\/uploads\/2026\/04\/600492921_1177555234574604_8606311303052778479_n-100x100.jpg 100w, https:\/\/canadianmidwives.org\/sites\/canadianmidwives.org\/wp-content\/uploads\/2026\/04\/600492921_1177555234574604_8606311303052778479_n-120x120.jpg 120w\" sizes=\"auto, (max-width: 1080px) 100vw, 1080px\" \/><\/figure>\n\n\n\n<h5 class=\"wp-block-heading\"><strong><strong>NOUVELLES MONDIALES<\/strong><\/strong><\/h5>\n\n\n\n<p><strong>Conf\u00e9rence internationale sur la planification familiale 2025<\/strong>&nbsp;<\/p>\n\n\n\n<p>Lors de la Conf\u00e9rence internationale sur la planification familiale de 2025 \u00e0 Bogot\u00e1, Kariane St-Denis, responsable du suivi, de l\u2019\u00e9valuation, de la reddition de comptes et de l\u2019apprentissage SERA\u00a0\u00e0 l\u2019ACSF, a soulign\u00e9 l\u2019importance de relier les r\u00e9alit\u00e9s de terrain en mati\u00e8re de sant\u00e9 et droits sexuels et reproductifs (SDSR) aux donn\u00e9es probantes mondiales et au plaidoyer. En s\u2019appuyant sur le travail men\u00e9 dans plusieurs pays, elle a mis en lumi\u00e8re la fa\u00e7on dont les sages-femmes et leurs alli\u00e9\u00b7e\u00b7s continuent d\u2019offrir des soins respectueux, fond\u00e9s sur les droits dans des contextes difficiles.\u00a0<\/p>\n\n\n\n<p><br>la n\u00e9cessit\u00e9 de repenser la fa\u00e7on dont les progr\u00e8s en mati\u00e8re de SDSR sont mesur\u00e9s, puisque les indicateurs actuels ne refl\u00e8tent pas toujours les r\u00e9alit\u00e9s v\u00e9cues, l\u2019autonomie, la dignit\u00e9 et l\u2019\u00e9quit\u00e9; dans un contexte mondial marqu\u00e9 par les compressions de financement, les mouvements oppos\u00e9s aux droits et insensibles aux in\u00e9galit\u00e9s, la collaboration entre mouvements et entre r\u00e9gions est essentielle; investir dans des syst\u00e8mes de donn\u00e9es courantes ax\u00e9s sur l\u2019\u00e9quit\u00e9 constitue un moyen concret et transformateur de renforcer la SDSR et d\u2019\u00e9tablir la confiance. Pour en savoir plus sur les r\u00e9flexions de Kariane :\u00a0<br><a href=\"https:\/\/cansfe.ca\/article\/icfp-2025-kariane\/\" target=\"_blank\" rel=\"noreferrer noopener\">https:\/\/cansfe.ca\/article\/icfp-2025-kariane\/<\/a><\/p>\n\n\n\n<p><strong>Les sages-femmes r\u00e9pondent \u00e0 la violence fond\u00e9e sur le genre en Ha\u00efti<\/strong>&nbsp;<\/p>\n\n\n\n<figure class=\"wp-block-image size-full\" id=\"block-3b61d9c6-010c-4124-a30a-ae330af55bf9\"><img loading=\"lazy\" decoding=\"async\" width=\"2048\" height=\"1536\" src=\"https:\/\/canadianmidwives.org\/sites\/canadianmidwives.org\/wp-content\/uploads\/2026\/04\/CAM-Global_Haiti_GBV-workshop-scaled.jpg\" alt=\"\" class=\"wp-image-85047\" srcset=\"https:\/\/canadianmidwives.org\/sites\/canadianmidwives.org\/wp-content\/uploads\/2026\/04\/CAM-Global_Haiti_GBV-workshop-scaled.jpg 2048w, https:\/\/canadianmidwives.org\/sites\/canadianmidwives.org\/wp-content\/uploads\/2026\/04\/CAM-Global_Haiti_GBV-workshop-300x225.jpg 300w, https:\/\/canadianmidwives.org\/sites\/canadianmidwives.org\/wp-content\/uploads\/2026\/04\/CAM-Global_Haiti_GBV-workshop-1024x768.jpg 1024w, https:\/\/canadianmidwives.org\/sites\/canadianmidwives.org\/wp-content\/uploads\/2026\/04\/CAM-Global_Haiti_GBV-workshop-768x576.jpg 768w, https:\/\/canadianmidwives.org\/sites\/canadianmidwives.org\/wp-content\/uploads\/2026\/04\/CAM-Global_Haiti_GBV-workshop-1536x1152.jpg 1536w, https:\/\/canadianmidwives.org\/sites\/canadianmidwives.org\/wp-content\/uploads\/2026\/04\/CAM-Global_Haiti_GBV-workshop-600x450.jpg 600w\" sizes=\"auto, (max-width: 2048px) 100vw, 2048px\" \/><\/figure>\n\n\n\n<p>En collaboration avec l\u2019Association des sages-femmes d\u2019Ha\u00efti, l\u2019ACSF a r\u00e9pondu \u00e0 un appel \u00e0 propositions du D\u00e9partement de la coop\u00e9ration Qu\u00e9bec\u2013Ha\u00efti du minist\u00e8re des Relations internationales du Qu\u00e9bec. La proposition a \u00e9t\u00e9 retenue, ce qui a permis de d\u00e9velopper une formation hybride destin\u00e9e aux sages-femmes ha\u00eftiennes, ax\u00e9e sur le renforcement de la prise en charge de la violence bas\u00e9e sur le genre.&nbsp;<\/p>\n\n\n\n<p>La formation a \u00e9t\u00e9 co-d\u00e9velopp\u00e9e gr\u00e2ce \u00e0 une collaboration entre des leaders sages-femmes canadiennes et ha\u00eftiennes, soit&nbsp;Emmanuelle H\u00e9bert de l\u2019ACSF, et Dumaude Mervilus Blanc, Bereca Belance, Jeffthanie Mathurin, Yves Carmelle Fanfan et Rose Cardelle B. Richand, de l\u2019ASFH. Le 30 mars, le programme a \u00e9t\u00e9 offert au bassin des formatrices de l\u2019association ha\u00eftienne.&nbsp;<\/p>\n\n\n\n<p>Cette activit\u00e9 a contribu\u00e9 \u00e0 renforcer les capacit\u00e9s locales et \u00e0 soutenir une r\u00e9ponse plus coordonn\u00e9e et mieux inform\u00e9e \u00e0 la violence bas\u00e9e sur le genre dans les soins offerts par les sages-femmes. En misant sur une formation et un partage des connaissances dirig\u00e9s par les Ha\u00eftiennes, l\u2019initiative renforce \u00e9galement le r\u00f4le des sages-femmes comme prestataires essentielles de soins s\u00e9curitaires, adapt\u00e9s et fond\u00e9s sur les droits dans des contextes fragiles. Elle r\u00e9pond aussi \u00e0 un r\u00e9el besoin : il existe encore tr\u00e8s peu de formations structur\u00e9es en Ha\u00efti pour outiller sp\u00e9cifiquement les sages-femmes en mati\u00e8re de prise en charge de la VBG.&nbsp;<\/p>\n\n\n\n<p><\/p>\n\n\n\n<h5 class=\"wp-block-heading\"><a href=\"https:\/\/canadianmidwives.org\/fr\/mondial\/atencion-segura-respetuosa-projet-zulia\/\"><strong><strong><strong>ATENCI\u00d3N SEGURA RESPETUOSA<\/strong><\/strong><\/strong> (<strong><strong>Soins s\u00e9curitaires et respectueux)<\/strong><\/strong><\/a><\/h5>\n\n\n\n<figure class=\"wp-block-image size-full\" id=\"block-3b61d9c6-010c-4124-a30a-ae330af55bf9\"><img loading=\"lazy\" decoding=\"async\" width=\"2048\" height=\"1391\" src=\"https:\/\/canadianmidwives.org\/sites\/canadianmidwives.org\/wp-content\/uploads\/2025\/05\/DSC_0396-scaled.jpg\" alt=\"\" class=\"wp-image-80687\" srcset=\"https:\/\/canadianmidwives.org\/sites\/canadianmidwives.org\/wp-content\/uploads\/2025\/05\/DSC_0396-scaled.jpg 2048w, https:\/\/canadianmidwives.org\/sites\/canadianmidwives.org\/wp-content\/uploads\/2025\/05\/DSC_0396-300x204.jpg 300w, https:\/\/canadianmidwives.org\/sites\/canadianmidwives.org\/wp-content\/uploads\/2025\/05\/DSC_0396-1024x695.jpg 1024w, https:\/\/canadianmidwives.org\/sites\/canadianmidwives.org\/wp-content\/uploads\/2025\/05\/DSC_0396-768x522.jpg 768w, https:\/\/canadianmidwives.org\/sites\/canadianmidwives.org\/wp-content\/uploads\/2025\/05\/DSC_0396-1536x1043.jpg 1536w, https:\/\/canadianmidwives.org\/sites\/canadianmidwives.org\/wp-content\/uploads\/2025\/05\/DSC_0396-600x407.jpg 600w\" sizes=\"auto, (max-width: 2048px) 100vw, 2048px\" \/><\/figure>\n\n\n\n<p>Dans un pays confront\u00e9 \u00e0 des pressions \u00e9conomiques et \u00e0 des d\u00e9fis persistants au sein de son syst\u00e8me de sant\u00e9, les communaut\u00e9s rurales et autochtones du Venezuela comptent souvent sur les sages-femmes autochtones pour des soins de sant\u00e9 essentiels. Pourtant, malgr\u00e9 leur r\u00f4le vital, leurs connaissances demeurent sous-valoris\u00e9es et peu prot\u00e9g\u00e9es sur le plan l\u00e9gal. Financ\u00e9 par Affaires mondiales Canada et dirig\u00e9 par le FNUAP-Venezuela, le projet Safe and Respectful Care in Venezuela vise \u00e0 renforcer des services de sant\u00e9 maternelle, n\u00e9onatale et reproductive culturellement adapt\u00e9s, sensibles au genre et destin\u00e9s aux communaut\u00e9s vuln\u00e9rables de l\u2019\u00c9tat de Zulia.&nbsp;&nbsp;<\/p>\n\n\n\n<p><strong>Formation en soins maternels et n\u00e9onatals respectueux<\/strong>&nbsp;<\/p>\n\n\n\n<p>\u00c0 Zulia, 29 professionnel\u00b7le\u00b7s de la sant\u00e9 ont \u00e9t\u00e9 form\u00e9\u00b7e\u00b7s comme facilitatrices et facilitateurs en soins maternels et n\u00e9onatals respectueux, avec un taux de satisfaction des participant\u00b7e\u00b7s de 92,9 % et une forte repr\u00e9sentation des communaut\u00e9s urbaines, p\u00e9riurbaines et autochtones. Cette formation a renforc\u00e9 les capacit\u00e9s des clinicien\u00b7ne\u00b7s, du corps professoral et des autorit\u00e9s sanitaires, avec un fort potentiel de reproduction ailleurs.&nbsp;&nbsp;\u00a0\u00a0<\/p>\n\n\n\n<figure class=\"wp-block-image size-full\" id=\"block-3b61d9c6-010c-4124-a30a-ae330af55bf9\"><img loading=\"lazy\" decoding=\"async\" width=\"2048\" height=\"1548\" src=\"https:\/\/canadianmidwives.org\/sites\/canadianmidwives.org\/wp-content\/uploads\/2025\/05\/DSC_0262-scaled.jpg\" alt=\"\" class=\"wp-image-80691\" srcset=\"https:\/\/canadianmidwives.org\/sites\/canadianmidwives.org\/wp-content\/uploads\/2025\/05\/DSC_0262-scaled.jpg 2048w, https:\/\/canadianmidwives.org\/sites\/canadianmidwives.org\/wp-content\/uploads\/2025\/05\/DSC_0262-300x227.jpg 300w, https:\/\/canadianmidwives.org\/sites\/canadianmidwives.org\/wp-content\/uploads\/2025\/05\/DSC_0262-1024x774.jpg 1024w, https:\/\/canadianmidwives.org\/sites\/canadianmidwives.org\/wp-content\/uploads\/2025\/05\/DSC_0262-768x580.jpg 768w, https:\/\/canadianmidwives.org\/sites\/canadianmidwives.org\/wp-content\/uploads\/2025\/05\/DSC_0262-1536x1161.jpg 1536w, https:\/\/canadianmidwives.org\/sites\/canadianmidwives.org\/wp-content\/uploads\/2025\/05\/DSC_0262-600x453.jpg 600w\" sizes=\"auto, (max-width: 2048px) 100vw, 2048px\" \/><\/figure>\n\n\n\n<p><strong>Dialogue interculturel et reconnaissance<\/strong>&nbsp;<\/p>\n\n\n\n<p>Un groupe de travail technique s\u2019est r\u00e9uni \u00e0 Maracaibo en mars 2026 et s\u2019est pench\u00e9 sur les moyens pour favoriser l\u2019int\u00e9gration de la pratique sage-femme autochtone dans le syst\u00e8me de sant\u00e9 public. Des ententes officielles ont \u00e9t\u00e9 sign\u00e9es et un engagement a \u00e9t\u00e9 obtenu pour embaucher 89 sages-femmes autochtones comme agentes de sant\u00e9 dans l\u2019\u00c9tat de Zulia.&nbsp;&nbsp;<\/p>\n\n\n\n<p><strong>Partage des connaissances et renforcement des partenariats<\/strong>&nbsp;<\/p>\n\n\n\n<p>L\u2019ACSF a \u00e9galement soutenu la traduction en espagnol et la diffusion r\u00e9gionale du R\u00e9f\u00e9rentiel canadien de comp\u00e9tences en pratique sage-femme autochtone, contribuant ainsi \u00e0 l\u2019apprentissage mutuel, au renforcement des partenariats et \u00e0 une meilleure reconnaissance des savoirs ancestraux en pratique sage-femme&nbsp;<\/p>\n\n\n\n<h5 class=\"wp-block-heading\"><a href=\"https:\/\/canadianmidwives.org\/fr\/mondial\/hr4srh-ressources-humaines-pour-la-sante-et-les-droits-sexuels-et-reproductifs\/\">PROJET HR4 (Ressources humaines pour la sant\u00e9 et les droits sexuels et reproductif&nbsp;en Soudan de sud)&nbsp;<\/a><\/h5>\n\n\n\n<figure class=\"wp-block-image size-full is-resized\" id=\"block-3b61d9c6-010c-4124-a30a-ae330af55bf9\"><img loading=\"lazy\" decoding=\"async\" width=\"400\" height=\"400\" src=\"https:\/\/canadianmidwives.org\/sites\/canadianmidwives.org\/wp-content\/uploads\/2026\/04\/Pocket-Guide_NursesMidwives_WEB-1.jpg\" alt=\"\" class=\"wp-image-85056\" style=\"width:819px;height:auto\" srcset=\"https:\/\/canadianmidwives.org\/sites\/canadianmidwives.org\/wp-content\/uploads\/2026\/04\/Pocket-Guide_NursesMidwives_WEB-1.jpg 400w, https:\/\/canadianmidwives.org\/sites\/canadianmidwives.org\/wp-content\/uploads\/2026\/04\/Pocket-Guide_NursesMidwives_WEB-1-300x300.jpg 300w, https:\/\/canadianmidwives.org\/sites\/canadianmidwives.org\/wp-content\/uploads\/2026\/04\/Pocket-Guide_NursesMidwives_WEB-1-150x150.jpg 150w, https:\/\/canadianmidwives.org\/sites\/canadianmidwives.org\/wp-content\/uploads\/2026\/04\/Pocket-Guide_NursesMidwives_WEB-1-100x100.jpg 100w, https:\/\/canadianmidwives.org\/sites\/canadianmidwives.org\/wp-content\/uploads\/2026\/04\/Pocket-Guide_NursesMidwives_WEB-1-120x120.jpg 120w\" sizes=\"auto, (max-width: 400px) 100vw, 400px\" \/><\/figure>\n\n\n\n<p>Le Soudan du Sud continue de faire face \u00e0 de profondes pressions politiques, \u00e9conomiques et humanitaires, mais les sages-femmes, les travailleuses et travailleurs aupr\u00e8s des jeunes ainsi que les partenaires locaux poursuivent leur mission avec d\u00e9termination. Gr\u00e2ce au projet HR4, financ\u00e9 par Affaires mondiales Canada et dirig\u00e9 par le FNUAP, l\u2019ACSF et ses partenaires font progresser la sant\u00e9 et les droits sexuels et reproductifs par des activit\u00e9s de communication, de renforcement des capacit\u00e9s, d\u2019appui \u00e0 la r\u00e9glementation et de mobilisation des jeunes.&nbsp;&nbsp;<\/p>\n\n\n\n<p><strong>Une \u00e9tape importante pour la r\u00e9glementation de la profession sage-femme<\/strong>&nbsp;<\/p>\n\n\n\n<p>F\u00e9licitations \u00e0 la NAMCOSS et \u00e0 la SSNAMA pour cette avanc\u00e9e importante pour la pratique sage-femme au Soudan du Sud. La reconnaissance de la pratique sage-femme dans le projet de loi sur les infirmi\u00e8res et infirmiers et les sages-femmes constitue une r\u00e9alisation majeure qui confirme la place l\u00e9gitime de la profession au sein du syst\u00e8me de sant\u00e9. Une r\u00e9glementation formelle apporte des normes plus claires, favorise une meilleure reddition de comptes et une reconnaissance accrue du r\u00f4le essentiel des sages-femmes dans la prestation de soins s\u00fbrs, comp\u00e9tents et respectueux. Dans un contexte difficile, ce progr\u00e8s repr\u00e9sente une base importante pour l\u2019avenir de la profession.&nbsp;&nbsp;<\/p>\n\n\n\n<p>Un \u00e9change d\u2019apprentissage virtuel r\u00e9unissant les sages-femmes canadiennes Kelly Dobin, registraire et directrice g\u00e9n\u00e9rale de l\u2019Ordre des sages-femmes de l\u2019Ontario, et Claire Ramlogan-Salanga, pr\u00e9sidente de l\u2019Ordre des sages-femmes de l\u2019Ontario, ainsi que 16 membres de la NAMCOSS et de la SSNAMA, de m\u00eame que l\u2019\u00e9laboration d\u2019un guide de poche convivial en version imprim\u00e9e et Web, ont contribu\u00e9 \u00e0 mieux faire conna\u00eetre le projet de loi et ses implications concr\u00e8tes pour les infirmi\u00e8res, infirmiers et sages-femmes.&nbsp;&nbsp;<\/p>\n\n\n\n<figure class=\"wp-block-image size-full\" id=\"block-3b61d9c6-010c-4124-a30a-ae330af55bf9\"><img loading=\"lazy\" decoding=\"async\" width=\"887\" height=\"492\" src=\"https:\/\/canadianmidwives.org\/sites\/canadianmidwives.org\/wp-content\/uploads\/2026\/04\/HR4-Zone-72-q1-2026.jpg\" alt=\"\" class=\"wp-image-85051\" srcset=\"https:\/\/canadianmidwives.org\/sites\/canadianmidwives.org\/wp-content\/uploads\/2026\/04\/HR4-Zone-72-q1-2026.jpg 887w, https:\/\/canadianmidwives.org\/sites\/canadianmidwives.org\/wp-content\/uploads\/2026\/04\/HR4-Zone-72-q1-2026-300x166.jpg 300w, https:\/\/canadianmidwives.org\/sites\/canadianmidwives.org\/wp-content\/uploads\/2026\/04\/HR4-Zone-72-q1-2026-768x426.jpg 768w, https:\/\/canadianmidwives.org\/sites\/canadianmidwives.org\/wp-content\/uploads\/2026\/04\/HR4-Zone-72-q1-2026-600x333.jpg 600w\" sizes=\"auto, (max-width: 887px) 100vw, 887px\" \/><\/figure>\n\n\n\n<p><strong>Zone 72 : rejoindre les jeunes par la radio<\/strong>&nbsp;<\/p>\n\n\n\n<p>En mars, la programmation radio de Zone 72 a port\u00e9 sur les droits des filles et des femmes, la sant\u00e9 sexuelle et reproductive, le consentement, la s\u00e9curit\u00e9 et l\u2019inclusion des personnes en situation de handicap. Au cours de quatre \u00e9missions, les invit\u00e9\u00b7e\u00b7s ont soulign\u00e9 la n\u00e9cessit\u00e9 d\u2019avoir acc\u00e8s \u00e0 une information juste, \u00e0 des services adapt\u00e9s aux jeunes, \u00e0 une meilleure reddition de comptes et \u00e0 des syst\u00e8mes de soutien plus inclusifs. L\u2019\u00e9mission continue d\u2019avoir une port\u00e9e importante, avec un auditoire hebdomadaire de 900 000 personnes, 27 800 vues sur Facebook Live en mars et XXXXX&nbsp; en ligne. Au total, on estime que 514 500 femmes et filles ont re\u00e7u des messages de sensibilisation.&nbsp;&nbsp;<\/p>\n\n\n\n<p><strong>D\u00e9veloppement professionnel continu<\/strong>&nbsp;<\/p>\n\n\n\n<p>L\u2019\u00e9quipe technique de l\u2019ACSF a s\u00e9lectionn\u00e9 un total de 48 cours gratuits en ligne destin\u00e9s aux infirmi\u00e8res, infirmiers et sages-femmes. Ces cours seront \u00e9valu\u00e9s puis diffus\u00e9s sur le site Web du Conseil national du Soudan du Sud en vue de s\u00e9ances virtuelles.&nbsp;&nbsp;<\/p>\n\n\n\n<p><\/p>\n\n\n\n<h5 class=\"wp-block-heading\"><a href=\"https:\/\/canadianmidwives.org\/fr\/mondial\/sages-femmes-somaliennes-pour-lamelioration-des-conditions-de-vie-et-la-promotion-de-la-sante-sexuelle-et-reproductive-smiles\/\"><strong>Projet SMILES<\/strong>&nbsp;Sages-femmes somaliennes pour l\u2019am\u00e9lioration des conditions de vie et la promotion de la sant\u00e9 sexuelle et reproductive<\/a><\/h5>\n\n\n\n<figure class=\"wp-block-image size-large\" id=\"block-3b61d9c6-010c-4124-a30a-ae330af55bf9\"><img loading=\"lazy\" decoding=\"async\" width=\"1024\" height=\"682\" src=\"https:\/\/canadianmidwives.org\/sites\/canadianmidwives.org\/wp-content\/uploads\/2025\/07\/WhatsApp-Image-2025-06-02-at-7.23.48-PM-1024x682.jpeg\" alt=\"\" class=\"wp-image-81327\" srcset=\"https:\/\/canadianmidwives.org\/sites\/canadianmidwives.org\/wp-content\/uploads\/2025\/07\/WhatsApp-Image-2025-06-02-at-7.23.48-PM-1024x682.jpeg 1024w, https:\/\/canadianmidwives.org\/sites\/canadianmidwives.org\/wp-content\/uploads\/2025\/07\/WhatsApp-Image-2025-06-02-at-7.23.48-PM-300x200.jpeg 300w, https:\/\/canadianmidwives.org\/sites\/canadianmidwives.org\/wp-content\/uploads\/2025\/07\/WhatsApp-Image-2025-06-02-at-7.23.48-PM-768x512.jpeg 768w, https:\/\/canadianmidwives.org\/sites\/canadianmidwives.org\/wp-content\/uploads\/2025\/07\/WhatsApp-Image-2025-06-02-at-7.23.48-PM-1536x1024.jpeg 1536w, https:\/\/canadianmidwives.org\/sites\/canadianmidwives.org\/wp-content\/uploads\/2025\/07\/WhatsApp-Image-2025-06-02-at-7.23.48-PM-scaled.jpeg 2048w, https:\/\/canadianmidwives.org\/sites\/canadianmidwives.org\/wp-content\/uploads\/2025\/07\/WhatsApp-Image-2025-06-02-at-7.23.48-PM-930x620.jpeg 930w, https:\/\/canadianmidwives.org\/sites\/canadianmidwives.org\/wp-content\/uploads\/2025\/07\/WhatsApp-Image-2025-06-02-at-7.23.48-PM-600x400.jpeg 600w\" sizes=\"auto, (max-width: 1024px) 100vw, 1024px\" \/><\/figure>\n\n\n\n<p>L\u2019ACSF, SOMA, SLNMA et PAM ont poursuivi les pr\u00e9paratifs d\u2019un programme de supervision de soutien sensible au genre dans les \u00e9coles de pratique sage-femme et les \u00e9tablissements de sant\u00e9. Cela comprenait le recrutement d\u2019une ou d\u2019un consultant en pratique sage-femme pour former les comit\u00e9s directeurs, la mobilisation de b\u00e9n\u00e9voles pour examiner les pratiques exemplaires, ainsi que l\u2019organisation de s\u00e9ances d\u2019orientation et de formations.&nbsp;&nbsp;<\/p>\n\n\n\n<p><strong>Programme de supervision formative <\/strong>&nbsp;<\/p>\n\n\n\n<p>L\u2019ACSF, SOMA, SLNMA et PAM ont fait progresser les pr\u00e9paratifs d\u2019un programme de supervision formative sensible au genre dans les \u00e9coles de formation des sages-femmes et les \u00e9tablissements de sant\u00e9 li\u00e9s aux \u00e9coles en Somalie et au Somaliland. Les principales \u00e9tapes ont inclus le recrutement d\u2019une consultante en pratique sage-femme pour former les comit\u00e9s directeurs charg\u00e9s de la supervision formative et la mobilisation de b\u00e9n\u00e9voles, y compris une \u00e9tudiante canadienne en pratique sage-femme, pour mener une revue de litt\u00e9rature sur les meilleures pratiques dans le domaine en mettant l\u2019accent sur le genre, l\u2019inclusion et la sensibilit\u00e9 aux enjeux environnementaux. Des s\u00e9ances d\u2019orientation et des formations sont \u00e9galement en pr\u00e9paration.&nbsp;&nbsp;<\/p>\n\n\n\n<figure class=\"wp-block-image size-large\" id=\"block-3b61d9c6-010c-4124-a30a-ae330af55bf9\"><img loading=\"lazy\" decoding=\"async\" width=\"1024\" height=\"771\" src=\"https:\/\/canadianmidwives.org\/sites\/canadianmidwives.org\/wp-content\/uploads\/2025\/07\/WhatsApp-Image-2025-06-02-at-7.30.18-PM-1024x771.jpeg\" alt=\"\" class=\"wp-image-81347\" srcset=\"https:\/\/canadianmidwives.org\/sites\/canadianmidwives.org\/wp-content\/uploads\/2025\/07\/WhatsApp-Image-2025-06-02-at-7.30.18-PM-1024x771.jpeg 1024w, https:\/\/canadianmidwives.org\/sites\/canadianmidwives.org\/wp-content\/uploads\/2025\/07\/WhatsApp-Image-2025-06-02-at-7.30.18-PM-300x226.jpeg 300w, https:\/\/canadianmidwives.org\/sites\/canadianmidwives.org\/wp-content\/uploads\/2025\/07\/WhatsApp-Image-2025-06-02-at-7.30.18-PM-768x578.jpeg 768w, https:\/\/canadianmidwives.org\/sites\/canadianmidwives.org\/wp-content\/uploads\/2025\/07\/WhatsApp-Image-2025-06-02-at-7.30.18-PM-1536x1157.jpeg 1536w, https:\/\/canadianmidwives.org\/sites\/canadianmidwives.org\/wp-content\/uploads\/2025\/07\/WhatsApp-Image-2025-06-02-at-7.30.18-PM-scaled.jpeg 2048w, https:\/\/canadianmidwives.org\/sites\/canadianmidwives.org\/wp-content\/uploads\/2025\/07\/WhatsApp-Image-2025-06-02-at-7.30.18-PM-600x452.jpeg 600w\" sizes=\"auto, (max-width: 1024px) 100vw, 1024px\" \/><\/figure>\n\n\n\n<p><strong>Mise en \u0153uvre du programme de formation initiale des sages-femmes<\/strong>&nbsp;<\/p>\n\n\n\n<p>Au Somaliland, la SLNMA, en collaboration avec le minist\u00e8re du D\u00e9veloppement de la sant\u00e9 et le consortium du projet, a pr\u00e9par\u00e9 des s\u00e9ances d\u2019orientation pour neuf \u00e9coles accr\u00e9dit\u00e9es de pratique sage-femme sur le programme d\u2019\u00e9tudes r\u00e9vis\u00e9 et sensible au genre. Les pr\u00e9paratifs ont aussi progress\u00e9 en vue d\u2019une formation des formatrices et formateurs destin\u00e9e \u00e0 mieux outiller les enseignantes, enseignants, tutrices, tuteurs et superviseur\u00b7e\u00b7s cliniques pour d\u00e9tecter et combler les lacunes existantes dans la formation en pratique sage-femme.&nbsp;&nbsp;<\/p>\n\n\n\n<p><strong>Am\u00e9lioration des outils d\u2019\u00e9valuation des \u00e9tudiantes et \u00e9tudiants<\/strong>&nbsp;<\/p>\n\n\n\n<p>Le travail pr\u00e9paratoire s\u2019est poursuivi pour appuyer le co-d\u00e9veloppement d\u2019outils d\u2019\u00e9valuation standardis\u00e9s et rigoureux pour les \u00e9coles de sages-femmes. Cela comprenait une revue documentaire men\u00e9e par une b\u00e9n\u00e9vole \u00e9tudiante sage-femme canado-somalienne, des consultations avec les \u00e9coles de sages-femmes, les associations de sages-femmes et d\u2019autres parties prenantes cl\u00e9s, le recrutement d\u2019une consultante canadienne en formation sage-femme, ainsi que la planification de futures s\u00e9ances de formation pour le corps enseignant.&nbsp;&nbsp;<\/p>\n\n\n\n<figure class=\"wp-block-image size-full\" id=\"block-3b61d9c6-010c-4124-a30a-ae330af55bf9\"><img loading=\"lazy\" decoding=\"async\" width=\"1024\" height=\"683\" src=\"https:\/\/canadianmidwives.org\/sites\/canadianmidwives.org\/wp-content\/uploads\/2022\/03\/CAMGlobal_SMEPS_04.jpg\" alt=\"\" class=\"wp-image-48482\" srcset=\"https:\/\/canadianmidwives.org\/sites\/canadianmidwives.org\/wp-content\/uploads\/2022\/03\/CAMGlobal_SMEPS_04.jpg 1024w, https:\/\/canadianmidwives.org\/sites\/canadianmidwives.org\/wp-content\/uploads\/2022\/03\/CAMGlobal_SMEPS_04-300x200.jpg 300w, https:\/\/canadianmidwives.org\/sites\/canadianmidwives.org\/wp-content\/uploads\/2022\/03\/CAMGlobal_SMEPS_04-768x512.jpg 768w, https:\/\/canadianmidwives.org\/sites\/canadianmidwives.org\/wp-content\/uploads\/2022\/03\/CAMGlobal_SMEPS_04-930x620.jpg 930w, https:\/\/canadianmidwives.org\/sites\/canadianmidwives.org\/wp-content\/uploads\/2022\/03\/CAMGlobal_SMEPS_04-600x400.jpg 600w\" sizes=\"auto, (max-width: 1024px) 100vw, 1024px\" \/><\/figure>\n\n\n\n<p><strong>Renforcement organisationnel des associations de sages-femmes<\/strong>&nbsp;<\/p>\n\n\n\n<p>SOMA, SLNMA et PAM ont amorc\u00e9 un travail de renforcement de leurs capacit\u00e9s organisationnelles gr\u00e2ce \u00e0 l\u2019\u00e9laboration de nouveaux plans strat\u00e9giques. Cela a inclus le recrutement de consultant\u00b7e\u00b7s et la participation d\u2019une sage-femme b\u00e9n\u00e9vole canadienne pour mener une revue documentaire des cadres et politiques existants. Un atelier virtuel de planification strat\u00e9gique destin\u00e9 au personnel et aux membres des conseils d\u2019administration a \u00e9galement \u00e9t\u00e9 offert, et une biblioth\u00e8que de ressources comprenant des outils et des mod\u00e8les a \u00e9t\u00e9 cr\u00e9\u00e9e et partag\u00e9e pour soutenir la planification \u00e0 venir.&nbsp;&nbsp;<\/p>\n\n\n\n<p>Pour en savoir plus\u202f: <a href=\"https:\/\/canadianmidwives.org\/fr\/acsf-mondial-annonce-un-nouveau-projet\/\" target=\"_blank\" rel=\"noreferrer noopener\">https:\/\/canadianmidwives.org\/fr\/acsf-mondial-annonce-un-nouveau-projet\/<\/a>&nbsp;&nbsp;&nbsp;&nbsp;<\/p>\n\n\n\n<h5 class=\"wp-block-heading\"><strong><strong><a href=\"https:\/\/canadianmidwives.org\/fr\/mondial\/sages-femmes-somaliennes-pour-lamelioration-des-conditions-de-vie-et-la-promotion-de-la-sante-sexuelle-et-reproductive-smiles\/\"><\/a><\/strong><\/strong><a href=\"https:\/\/canadianmidwives.org\/fr\/mondial\/les-voix-des-femmes-le-leadership-des-sages-femmes-pour-une-sante-resiliente-trust\/\"><strong><strong>(TRUST)<\/strong><\/strong> <strong><strong><\/strong><\/strong><\/a><strong><strong><a href=\"https:\/\/canadianmidwives.org\/fr\/mondial\/sages-femmes-somaliennes-pour-lamelioration-des-conditions-de-vie-et-la-promotion-de-la-sante-sexuelle-et-reproductive-smiles\/\"><\/a>Les voix des femmes, le leadership des sages-femmes pour une sant\u00e9 r\u00e9siliente<\/strong><\/strong><\/h5>\n\n\n\n<figure class=\"wp-block-image size-full is-resized\" id=\"block-3b61d9c6-010c-4124-a30a-ae330af55bf9\"><img loading=\"lazy\" decoding=\"async\" width=\"618\" height=\"396\" src=\"https:\/\/canadianmidwives.org\/sites\/canadianmidwives.org\/wp-content\/uploads\/2026\/04\/CAM-Global_Trust_public_engagement.png\" alt=\"\" class=\"wp-image-85049\" style=\"width:810px;height:auto\" srcset=\"https:\/\/canadianmidwives.org\/sites\/canadianmidwives.org\/wp-content\/uploads\/2026\/04\/CAM-Global_Trust_public_engagement.png 618w, https:\/\/canadianmidwives.org\/sites\/canadianmidwives.org\/wp-content\/uploads\/2026\/04\/CAM-Global_Trust_public_engagement-300x192.png 300w, https:\/\/canadianmidwives.org\/sites\/canadianmidwives.org\/wp-content\/uploads\/2026\/04\/CAM-Global_Trust_public_engagement-600x384.png 600w\" sizes=\"auto, (max-width: 618px) 100vw, 618px\" \/><\/figure>\n\n\n\n<p id=\"block-f9b72b86-9505-40b6-b797-92a328650722\">TRUST est un projet de cinq ans, dot\u00e9 d\u2019un budget de 8,5 millions de dollars, dirig\u00e9 par l\u2019ACSF et financ\u00e9 par Affaires mondiales Canada afin de renforcer les syst\u00e8mes de sant\u00e9 et de faire progresser la sant\u00e9 et les droits sexuels et reproductifs des femmes et des filles au Soudan du Sud et au Malawi. En soutenant le leadership des sages-femmes, l\u2019am\u00e9lioration de la formation ainsi qu\u2019un plaidoyer inclusif, fond\u00e9 sur les droits et sensible \u00e0 la justice climatique, le projet jette les bases d\u2019un changement syst\u00e9mique durable.&nbsp;&nbsp;<\/p>\n\n\n\n<p><strong>D\u00e9ploiement du projet<\/strong>&nbsp; Au d\u00e9but de 2026, TRUST est entr\u00e9 en pleine mise en \u0153uvre apr\u00e8s l\u2019approbation de son plan quinquennal \u00e0 la fin de 2025. Les \u00e9valuations de r\u00e9f\u00e9rence ont \u00e9t\u00e9 compl\u00e9t\u00e9es au Malawi et sont presque termin\u00e9es au Soudan du Sud, fournissant des donn\u00e9es essentielles pour orienter la mesure du rendement et suivre les progr\u00e8s au cours des cinq prochaines ann\u00e9es. Des activit\u00e9s de mobilisation des parties prenantes ont \u00e9galement \u00e9t\u00e9 men\u00e9es dans les cinq sites du projet afin de favoriser l\u2019adh\u00e9sion locale et de guider la mise en \u0153uvre.&nbsp;&nbsp;<\/p>\n\n\n\n<p><strong>Malawi : une recherche pour orienter la communication et le plaidoyer<\/strong>&nbsp;<\/p>\n\n\n\n<p>Au Malawi, Farm Radio Trust a men\u00e9 une recherche formative dans 40 villages des districts de Mwanza, Ntcheu et Mzimba South afin de mieux comprendre les obstacles locaux, les mythes et les id\u00e9es fausses li\u00e9s \u00e0 la pratique sage-femme et \u00e0 la SDSR. Les r\u00e9sultats fournissent des donn\u00e9es essentielles pour concevoir des messages de SDSR adapt\u00e9s au contexte et faire en sorte que les campagnes de sensibilisation de masse r\u00e9pondent aux besoins r\u00e9els et aux plateformes privil\u00e9gi\u00e9es par les communaut\u00e9s vis\u00e9es.&nbsp;&nbsp;<\/p>\n\n\n\n<figure class=\"wp-block-image size-full is-resized\" id=\"block-3b61d9c6-010c-4124-a30a-ae330af55bf9\"><img loading=\"lazy\" decoding=\"async\" width=\"975\" height=\"731\" src=\"https:\/\/canadianmidwives.org\/sites\/canadianmidwives.org\/wp-content\/uploads\/2026\/04\/Trust_Amamai_strat-plna.png\" alt=\"\" class=\"wp-image-85145\" style=\"width:810px;height:auto\" srcset=\"https:\/\/canadianmidwives.org\/sites\/canadianmidwives.org\/wp-content\/uploads\/2026\/04\/Trust_Amamai_strat-plna.png 975w, https:\/\/canadianmidwives.org\/sites\/canadianmidwives.org\/wp-content\/uploads\/2026\/04\/Trust_Amamai_strat-plna-300x225.png 300w, https:\/\/canadianmidwives.org\/sites\/canadianmidwives.org\/wp-content\/uploads\/2026\/04\/Trust_Amamai_strat-plna-768x576.png 768w, https:\/\/canadianmidwives.org\/sites\/canadianmidwives.org\/wp-content\/uploads\/2026\/04\/Trust_Amamai_strat-plna-600x450.png 600w\" sizes=\"auto, (max-width: 975px) 100vw, 975px\" \/><\/figure>\n\n\n\n<p><strong>Malawi : recherche et planification strat\u00e9gique<\/strong>&nbsp;<\/p>\n\n\n\n<p>AMAMI a diffus\u00e9 avec succ\u00e8s son nouveau plan strat\u00e9gique 2026\u20132030 dans les trois districts du projet TRUST \u2014 Mzimba South, Ntcheu et Mwanza \u2014 ainsi qu\u2019\u00e0 l\u2019\u00e9chelle nationale lors d\u2019une r\u00e9union du groupe de travail technique sur la SDSR. Ce plan vise \u00e0 renforcer \u00e0 la fois les partenariats externes d\u2019AMAMI en mati\u00e8re de plaidoyer et de mobilisation des ressources, ainsi que ses capacit\u00e9s internes afin d\u2019accro\u00eetre son efficacit\u00e9 et son impact sur le terrain.&nbsp;&nbsp;<\/p>\n\n\n\n<p><strong>En m\u00e9moire de Tanzina Mounik <\/strong>&nbsp;<\/p>\n\n\n\n<p>L\u2019Association canadienne des sages-femmes souligne avec une profonde tristesse le d\u00e9c\u00e8s de Tanzina Mounik en mars 2026. Tanzina a occup\u00e9 le poste de gestionnaire de programme \u00e0 CARE Canada, o\u00f9 elle g\u00e9rait les contributions de CARE Canada en mati\u00e8re d\u2019\u00e9galit\u00e9 des genres et d\u2019inclusion sociale au projet TRUST, au Malawi et au Soudan du Sud. Elle travaillait \u00e9galement en \u00e9troite collaboration pour soutenir CARE Soudan du Sud.&nbsp;<\/p>\n\n\n\n<p>Par son leadership et son professionnalisme, elle a contribu\u00e9 de mani\u00e8re significative au renforcement du travail et des partenariats du projet. Ses coll\u00e8gues de l\u2019ACSF et de l\u2019ensemble du projet TRUST se souviendront d\u2019elle avec respect et reconnaissance.&nbsp;<\/p>\n\n\n\n<p>Nous offrons nos plus sinc\u00e8res condol\u00e9ances \u00e0 toutes les personnes touch\u00e9es par cette perte.&nbsp;<\/p>\n\n\n\n<figure class=\"wp-block-image size-full is-resized\" id=\"block-3b61d9c6-010c-4124-a30a-ae330af55bf9\"><img loading=\"lazy\" decoding=\"async\" width=\"1024\" height=\"1024\" src=\"https:\/\/canadianmidwives.org\/sites\/canadianmidwives.org\/wp-content\/uploads\/2026\/04\/Tanzina-Mounik.png\" alt=\"\" class=\"wp-image-85143\" style=\"width:810px;height:auto\" srcset=\"https:\/\/canadianmidwives.org\/sites\/canadianmidwives.org\/wp-content\/uploads\/2026\/04\/Tanzina-Mounik.png 1024w, https:\/\/canadianmidwives.org\/sites\/canadianmidwives.org\/wp-content\/uploads\/2026\/04\/Tanzina-Mounik-300x300.png 300w, https:\/\/canadianmidwives.org\/sites\/canadianmidwives.org\/wp-content\/uploads\/2026\/04\/Tanzina-Mounik-150x150.png 150w, https:\/\/canadianmidwives.org\/sites\/canadianmidwives.org\/wp-content\/uploads\/2026\/04\/Tanzina-Mounik-768x768.png 768w, https:\/\/canadianmidwives.org\/sites\/canadianmidwives.org\/wp-content\/uploads\/2026\/04\/Tanzina-Mounik-600x600.png 600w, https:\/\/canadianmidwives.org\/sites\/canadianmidwives.org\/wp-content\/uploads\/2026\/04\/Tanzina-Mounik-100x100.png 100w, https:\/\/canadianmidwives.org\/sites\/canadianmidwives.org\/wp-content\/uploads\/2026\/04\/Tanzina-Mounik-120x120.png 120w\" sizes=\"auto, (max-width: 1024px) 100vw, 1024px\" \/><\/figure>\n\n\n\n<p>Pour en savoir plus sur le projet<a href=\"https:\/\/canadianmidwives.org\/fr\/mondial\/les-voix-des-femmes-le-leadership-des-sages-femmes-pour-une-sante-resiliente-trust\/\">TRUST\u202f:&nbsp;<\/a><\/p>\n","protected":false},"excerpt":{"rendered":"<p>Dans l\u2019ensemble des projets de CAM Global, les partenaires font progresser la sant\u00e9 et les droits sexuels et reproductifs gr\u00e2ce \u00e0 la formation, \u00e0 la recherche, aux communications, au renforcement des syst\u00e8mes et \u00e0 la collaboration interculturelle. Du Soudan du Sud \u00e0 Ha\u00efti, en passant par la Somalie et au-del\u00e0, les activit\u00e9s r\u00e9centes ont soutenu la formation en pratique sage-femme, la mobilisation du public, la r\u00e9forme r\u00e9glementaire, le leadership local et des soins inclusifs fond\u00e9s sur les droits dans divers contextes humanitaires.<\/p>\n","protected":false},"author":2159,"featured_media":80687,"comment_status":"closed","ping_status":"closed","sticky":false,"template":"","format":"standard","meta":{"_monsterinsights_skip_tracking":false,"_monsterinsights_sitenote_active":false,"_monsterinsights_sitenote_note":"","_monsterinsights_sitenote_category":0,"neve_meta_sidebar":"","neve_meta_container":"","neve_meta_enable_content_width":"","neve_meta_content_width":0,"neve_meta_title_alignment":"","neve_meta_author_avatar":"","neve_post_elements_order":"","neve_meta_disable_header":"","neve_meta_disable_footer":"","neve_meta_disable_title":"","_themeisle_gutenberg_block_has_review":false,"footnotes":""},"categories":[27],"tags":[],"class_list":["post-85033","post","type-post","status-publish","format-standard","has-post-thumbnail","hentry","category-non-classifiee"],"yoast_head":"<!-- This site is optimized with the Yoast SEO plugin v27.4 - https:\/\/yoast.com\/product\/yoast-seo-wordpress\/ -->\n<title>ACSF-Mondial hiver-printemps 2026 - Association canadienne des sages-femmes<\/title>\n<meta name=\"robots\" content=\"index, follow, max-snippet:-1, max-image-preview:large, max-video-preview:-1\" \/>\n<link rel=\"canonical\" href=\"https:\/\/canadianmidwives.org\/fr\/acsf-mondial-hiver-printemps-2026\/\" \/>\n<meta property=\"og:locale\" content=\"fr_CA\" \/>\n<meta property=\"og:type\" content=\"article\" \/>\n<meta property=\"og:title\" content=\"ACSF-Mondial hiver-printemps 2026 - Association canadienne des sages-femmes\" \/>\n<meta property=\"og:description\" content=\"Dans l\u2019ensemble des projets de CAM Global, les partenaires font progresser la sant\u00e9 et les droits sexuels et reproductifs gr\u00e2ce \u00e0 la formation, \u00e0 la recherche, aux communications, au renforcement des syst\u00e8mes et \u00e0 la collaboration interculturelle. Du Soudan du Sud \u00e0 Ha\u00efti, en passant par la Somalie et au-del\u00e0, les activit\u00e9s r\u00e9centes ont soutenu la formation en pratique sage-femme, la mobilisation du public, la r\u00e9forme r\u00e9glementaire, le leadership local et des soins inclusifs fond\u00e9s sur les droits dans divers contextes humanitaires.\" \/>\n<meta property=\"og:url\" content=\"https:\/\/canadianmidwives.org\/fr\/acsf-mondial-hiver-printemps-2026\/\" \/>\n<meta property=\"og:site_name\" content=\"Association canadienne des sages-femmes\" \/>\n<meta property=\"article:publisher\" content=\"https:\/\/www.facebook.com\/CanadianMidwives\/\" \/>\n<meta property=\"article:published_time\" content=\"2026-04-27T17:00:36+00:00\" \/>\n<meta property=\"article:modified_time\" content=\"2026-04-27T17:00:40+00:00\" \/>\n<meta property=\"og:image\" content=\"https:\/\/canadianmidwives.org\/sites\/canadianmidwives.org\/wp-content\/uploads\/2025\/05\/DSC_0396-scaled.jpg\" \/>\n\t<meta property=\"og:image:width\" content=\"2048\" \/>\n\t<meta property=\"og:image:height\" content=\"1391\" \/>\n\t<meta property=\"og:image:type\" content=\"image\/jpeg\" \/>\n<meta name=\"author\" content=\"Alex Wysocki Najar\" \/>\n<meta name=\"twitter:card\" content=\"summary_large_image\" \/>\n<meta name=\"twitter:label1\" content=\"\u00c9crit par\" \/>\n\t<meta name=\"twitter:data1\" content=\"Alex Wysocki Najar\" \/>\n\t<meta name=\"twitter:label2\" content=\"Estimation du temps de lecture\" \/>\n\t<meta name=\"twitter:data2\" content=\"13 minutes\" \/>\n<script type=\"application\/ld+json\" class=\"yoast-schema-graph\">{\"@context\":\"https:\\\/\\\/schema.org\",\"@graph\":[{\"@type\":\"NewsArticle\",\"@id\":\"https:\\\/\\\/canadianmidwives.org\\\/fr\\\/acsf-mondial-hiver-printemps-2026\\\/#article\",\"isPartOf\":{\"@id\":\"https:\\\/\\\/canadianmidwives.org\\\/fr\\\/acsf-mondial-hiver-printemps-2026\\\/\"},\"author\":{\"name\":\"Alex Wysocki Najar\",\"@id\":\"https:\\\/\\\/canadianmidwives.org\\\/fr\\\/#\\\/schema\\\/person\\\/5c149c69aaf2346376754fa9c438c8c2\"},\"headline\":\"ACSF-Mondial hiver-printemps 2026\",\"datePublished\":\"2026-04-27T17:00:36+00:00\",\"dateModified\":\"2026-04-27T17:00:40+00:00\",\"mainEntityOfPage\":{\"@id\":\"https:\\\/\\\/canadianmidwives.org\\\/fr\\\/acsf-mondial-hiver-printemps-2026\\\/\"},\"wordCount\":2656,\"publisher\":{\"@id\":\"https:\\\/\\\/canadianmidwives.org\\\/fr\\\/#organization\"},\"image\":{\"@id\":\"https:\\\/\\\/canadianmidwives.org\\\/fr\\\/acsf-mondial-hiver-printemps-2026\\\/#primaryimage\"},\"thumbnailUrl\":\"https:\\\/\\\/canadianmidwives.org\\\/sites\\\/canadianmidwives.org\\\/wp-content\\\/uploads\\\/2025\\\/05\\\/DSC_0396-scaled.jpg\",\"articleSection\":[\"Non classifi\u00e9(e)\"],\"inLanguage\":\"fr-CA\"},{\"@type\":\"WebPage\",\"@id\":\"https:\\\/\\\/canadianmidwives.org\\\/fr\\\/acsf-mondial-hiver-printemps-2026\\\/\",\"url\":\"https:\\\/\\\/canadianmidwives.org\\\/fr\\\/acsf-mondial-hiver-printemps-2026\\\/\",\"name\":\"ACSF-Mondial hiver-printemps 2026 - Association canadienne des sages-femmes\",\"isPartOf\":{\"@id\":\"https:\\\/\\\/canadianmidwives.org\\\/fr\\\/#website\"},\"primaryImageOfPage\":{\"@id\":\"https:\\\/\\\/canadianmidwives.org\\\/fr\\\/acsf-mondial-hiver-printemps-2026\\\/#primaryimage\"},\"image\":{\"@id\":\"https:\\\/\\\/canadianmidwives.org\\\/fr\\\/acsf-mondial-hiver-printemps-2026\\\/#primaryimage\"},\"thumbnailUrl\":\"https:\\\/\\\/canadianmidwives.org\\\/sites\\\/canadianmidwives.org\\\/wp-content\\\/uploads\\\/2025\\\/05\\\/DSC_0396-scaled.jpg\",\"datePublished\":\"2026-04-27T17:00:36+00:00\",\"dateModified\":\"2026-04-27T17:00:40+00:00\",\"breadcrumb\":{\"@id\":\"https:\\\/\\\/canadianmidwives.org\\\/fr\\\/acsf-mondial-hiver-printemps-2026\\\/#breadcrumb\"},\"inLanguage\":\"fr-CA\",\"potentialAction\":[{\"@type\":\"ReadAction\",\"target\":[\"https:\\\/\\\/canadianmidwives.org\\\/fr\\\/acsf-mondial-hiver-printemps-2026\\\/\"]}]},{\"@type\":\"ImageObject\",\"inLanguage\":\"fr-CA\",\"@id\":\"https:\\\/\\\/canadianmidwives.org\\\/fr\\\/acsf-mondial-hiver-printemps-2026\\\/#primaryimage\",\"url\":\"https:\\\/\\\/canadianmidwives.org\\\/sites\\\/canadianmidwives.org\\\/wp-content\\\/uploads\\\/2025\\\/05\\\/DSC_0396-scaled.jpg\",\"contentUrl\":\"https:\\\/\\\/canadianmidwives.org\\\/sites\\\/canadianmidwives.org\\\/wp-content\\\/uploads\\\/2025\\\/05\\\/DSC_0396-scaled.jpg\",\"width\":2048,\"height\":1391},{\"@type\":\"BreadcrumbList\",\"@id\":\"https:\\\/\\\/canadianmidwives.org\\\/fr\\\/acsf-mondial-hiver-printemps-2026\\\/#breadcrumb\",\"itemListElement\":[{\"@type\":\"ListItem\",\"position\":1,\"name\":\"Accueil\",\"item\":\"https:\\\/\\\/canadianmidwives.org\\\/fr\\\/\"},{\"@type\":\"ListItem\",\"position\":2,\"name\":\"ACSF-Mondial hiver-printemps 2026\"}]},{\"@type\":\"WebSite\",\"@id\":\"https:\\\/\\\/canadianmidwives.org\\\/fr\\\/#website\",\"url\":\"https:\\\/\\\/canadianmidwives.org\\\/fr\\\/\",\"name\":\"Association canadienne des sages-femmes\",\"description\":\"Des sages-femmes pour tous, partout\",\"publisher\":{\"@id\":\"https:\\\/\\\/canadianmidwives.org\\\/fr\\\/#organization\"},\"potentialAction\":[{\"@type\":\"SearchAction\",\"target\":{\"@type\":\"EntryPoint\",\"urlTemplate\":\"https:\\\/\\\/canadianmidwives.org\\\/fr\\\/?s={search_term_string}\"},\"query-input\":{\"@type\":\"PropertyValueSpecification\",\"valueRequired\":true,\"valueName\":\"search_term_string\"}}],\"inLanguage\":\"fr-CA\"},{\"@type\":\"Organization\",\"@id\":\"https:\\\/\\\/canadianmidwives.org\\\/fr\\\/#organization\",\"name\":\"Association canadienne des sages-femmes\",\"url\":\"https:\\\/\\\/canadianmidwives.org\\\/fr\\\/\",\"logo\":{\"@type\":\"ImageObject\",\"inLanguage\":\"fr-CA\",\"@id\":\"https:\\\/\\\/canadianmidwives.org\\\/fr\\\/#\\\/schema\\\/logo\\\/image\\\/\",\"url\":\"https:\\\/\\\/canadianmidwives.org\\\/sites\\\/canadianmidwives.org\\\/wp-content\\\/uploads\\\/2022\\\/03\\\/CAM-Logo-2022-1536x462-1.png\",\"contentUrl\":\"https:\\\/\\\/canadianmidwives.org\\\/sites\\\/canadianmidwives.org\\\/wp-content\\\/uploads\\\/2022\\\/03\\\/CAM-Logo-2022-1536x462-1.png\",\"width\":1536,\"height\":462,\"caption\":\"Association canadienne des sages-femmes\"},\"image\":{\"@id\":\"https:\\\/\\\/canadianmidwives.org\\\/fr\\\/#\\\/schema\\\/logo\\\/image\\\/\"},\"sameAs\":[\"https:\\\/\\\/www.facebook.com\\\/CanadianMidwives\\\/\",\"https:\\\/\\\/www.instagram.com\\\/cam_acsf\",\"https:\\\/\\\/www.linkedin.com\\\/company\\\/canadian-association-of-midwives\"]},{\"@type\":\"Person\",\"@id\":\"https:\\\/\\\/canadianmidwives.org\\\/fr\\\/#\\\/schema\\\/person\\\/5c149c69aaf2346376754fa9c438c8c2\",\"name\":\"Alex Wysocki Najar\",\"description\":\"awysockinajar@canadianmidwives.org\"}]}<\/script>\n<!-- \/ Yoast SEO plugin. -->","yoast_head_json":{"title":"ACSF-Mondial hiver-printemps 2026 - Association canadienne des sages-femmes","robots":{"index":"index","follow":"follow","max-snippet":"max-snippet:-1","max-image-preview":"max-image-preview:large","max-video-preview":"max-video-preview:-1"},"canonical":"https:\/\/canadianmidwives.org\/fr\/acsf-mondial-hiver-printemps-2026\/","og_locale":"fr_CA","og_type":"article","og_title":"ACSF-Mondial hiver-printemps 2026 - Association canadienne des sages-femmes","og_description":"Dans l\u2019ensemble des projets de CAM Global, les partenaires font progresser la sant\u00e9 et les droits sexuels et reproductifs gr\u00e2ce \u00e0 la formation, \u00e0 la recherche, aux communications, au renforcement des syst\u00e8mes et \u00e0 la collaboration interculturelle. Du Soudan du Sud \u00e0 Ha\u00efti, en passant par la Somalie et au-del\u00e0, les activit\u00e9s r\u00e9centes ont soutenu la formation en pratique sage-femme, la mobilisation du public, la r\u00e9forme r\u00e9glementaire, le leadership local et des soins inclusifs fond\u00e9s sur les droits dans divers contextes humanitaires.","og_url":"https:\/\/canadianmidwives.org\/fr\/acsf-mondial-hiver-printemps-2026\/","og_site_name":"Association canadienne des sages-femmes","article_publisher":"https:\/\/www.facebook.com\/CanadianMidwives\/","article_published_time":"2026-04-27T17:00:36+00:00","article_modified_time":"2026-04-27T17:00:40+00:00","og_image":[{"width":2048,"height":1391,"url":"https:\/\/canadianmidwives.org\/sites\/canadianmidwives.org\/wp-content\/uploads\/2025\/05\/DSC_0396-scaled.jpg","type":"image\/jpeg"}],"author":"Alex Wysocki Najar","twitter_card":"summary_large_image","twitter_misc":{"\u00c9crit par":"Alex Wysocki Najar","Estimation du temps de lecture":"13 minutes"},"schema":{"@context":"https:\/\/schema.org","@graph":[{"@type":"NewsArticle","@id":"https:\/\/canadianmidwives.org\/fr\/acsf-mondial-hiver-printemps-2026\/#article","isPartOf":{"@id":"https:\/\/canadianmidwives.org\/fr\/acsf-mondial-hiver-printemps-2026\/"},"author":{"name":"Alex Wysocki Najar","@id":"https:\/\/canadianmidwives.org\/fr\/#\/schema\/person\/5c149c69aaf2346376754fa9c438c8c2"},"headline":"ACSF-Mondial hiver-printemps 2026","datePublished":"2026-04-27T17:00:36+00:00","dateModified":"2026-04-27T17:00:40+00:00","mainEntityOfPage":{"@id":"https:\/\/canadianmidwives.org\/fr\/acsf-mondial-hiver-printemps-2026\/"},"wordCount":2656,"publisher":{"@id":"https:\/\/canadianmidwives.org\/fr\/#organization"},"image":{"@id":"https:\/\/canadianmidwives.org\/fr\/acsf-mondial-hiver-printemps-2026\/#primaryimage"},"thumbnailUrl":"https:\/\/canadianmidwives.org\/sites\/canadianmidwives.org\/wp-content\/uploads\/2025\/05\/DSC_0396-scaled.jpg","articleSection":["Non classifi\u00e9(e)"],"inLanguage":"fr-CA"},{"@type":"WebPage","@id":"https:\/\/canadianmidwives.org\/fr\/acsf-mondial-hiver-printemps-2026\/","url":"https:\/\/canadianmidwives.org\/fr\/acsf-mondial-hiver-printemps-2026\/","name":"ACSF-Mondial hiver-printemps 2026 - Association canadienne des sages-femmes","isPartOf":{"@id":"https:\/\/canadianmidwives.org\/fr\/#website"},"primaryImageOfPage":{"@id":"https:\/\/canadianmidwives.org\/fr\/acsf-mondial-hiver-printemps-2026\/#primaryimage"},"image":{"@id":"https:\/\/canadianmidwives.org\/fr\/acsf-mondial-hiver-printemps-2026\/#primaryimage"},"thumbnailUrl":"https:\/\/canadianmidwives.org\/sites\/canadianmidwives.org\/wp-content\/uploads\/2025\/05\/DSC_0396-scaled.jpg","datePublished":"2026-04-27T17:00:36+00:00","dateModified":"2026-04-27T17:00:40+00:00","breadcrumb":{"@id":"https:\/\/canadianmidwives.org\/fr\/acsf-mondial-hiver-printemps-2026\/#breadcrumb"},"inLanguage":"fr-CA","potentialAction":[{"@type":"ReadAction","target":["https:\/\/canadianmidwives.org\/fr\/acsf-mondial-hiver-printemps-2026\/"]}]},{"@type":"ImageObject","inLanguage":"fr-CA","@id":"https:\/\/canadianmidwives.org\/fr\/acsf-mondial-hiver-printemps-2026\/#primaryimage","url":"https:\/\/canadianmidwives.org\/sites\/canadianmidwives.org\/wp-content\/uploads\/2025\/05\/DSC_0396-scaled.jpg","contentUrl":"https:\/\/canadianmidwives.org\/sites\/canadianmidwives.org\/wp-content\/uploads\/2025\/05\/DSC_0396-scaled.jpg","width":2048,"height":1391},{"@type":"BreadcrumbList","@id":"https:\/\/canadianmidwives.org\/fr\/acsf-mondial-hiver-printemps-2026\/#breadcrumb","itemListElement":[{"@type":"ListItem","position":1,"name":"Accueil","item":"https:\/\/canadianmidwives.org\/fr\/"},{"@type":"ListItem","position":2,"name":"ACSF-Mondial hiver-printemps 2026"}]},{"@type":"WebSite","@id":"https:\/\/canadianmidwives.org\/fr\/#website","url":"https:\/\/canadianmidwives.org\/fr\/","name":"Association canadienne des sages-femmes","description":"Des sages-femmes pour tous, partout","publisher":{"@id":"https:\/\/canadianmidwives.org\/fr\/#organization"},"potentialAction":[{"@type":"SearchAction","target":{"@type":"EntryPoint","urlTemplate":"https:\/\/canadianmidwives.org\/fr\/?s={search_term_string}"},"query-input":{"@type":"PropertyValueSpecification","valueRequired":true,"valueName":"search_term_string"}}],"inLanguage":"fr-CA"},{"@type":"Organization","@id":"https:\/\/canadianmidwives.org\/fr\/#organization","name":"Association canadienne des sages-femmes","url":"https:\/\/canadianmidwives.org\/fr\/","logo":{"@type":"ImageObject","inLanguage":"fr-CA","@id":"https:\/\/canadianmidwives.org\/fr\/#\/schema\/logo\/image\/","url":"https:\/\/canadianmidwives.org\/sites\/canadianmidwives.org\/wp-content\/uploads\/2022\/03\/CAM-Logo-2022-1536x462-1.png","contentUrl":"https:\/\/canadianmidwives.org\/sites\/canadianmidwives.org\/wp-content\/uploads\/2022\/03\/CAM-Logo-2022-1536x462-1.png","width":1536,"height":462,"caption":"Association canadienne des sages-femmes"},"image":{"@id":"https:\/\/canadianmidwives.org\/fr\/#\/schema\/logo\/image\/"},"sameAs":["https:\/\/www.facebook.com\/CanadianMidwives\/","https:\/\/www.instagram.com\/cam_acsf","https:\/\/www.linkedin.com\/company\/canadian-association-of-midwives"]},{"@type":"Person","@id":"https:\/\/canadianmidwives.org\/fr\/#\/schema\/person\/5c149c69aaf2346376754fa9c438c8c2","name":"Alex Wysocki Najar","description":"awysockinajar@canadianmidwives.org"}]}},"_links":{"self":[{"href":"https:\/\/canadianmidwives.org\/fr\/wp-json\/wp\/v2\/posts\/85033","targetHints":{"allow":["GET"]}}],"collection":[{"href":"https:\/\/canadianmidwives.org\/fr\/wp-json\/wp\/v2\/posts"}],"about":[{"href":"https:\/\/canadianmidwives.org\/fr\/wp-json\/wp\/v2\/types\/post"}],"author":[{"embeddable":true,"href":"https:\/\/canadianmidwives.org\/fr\/wp-json\/wp\/v2\/users\/2159"}],"replies":[{"embeddable":true,"href":"https:\/\/canadianmidwives.org\/fr\/wp-json\/wp\/v2\/comments?post=85033"}],"version-history":[{"count":4,"href":"https:\/\/canadianmidwives.org\/fr\/wp-json\/wp\/v2\/posts\/85033\/revisions"}],"predecessor-version":[{"id":85149,"href":"https:\/\/canadianmidwives.org\/fr\/wp-json\/wp\/v2\/posts\/85033\/revisions\/85149"}],"wp:featuredmedia":[{"embeddable":true,"href":"https:\/\/canadianmidwives.org\/fr\/wp-json\/wp\/v2\/media\/80687"}],"wp:attachment":[{"href":"https:\/\/canadianmidwives.org\/fr\/wp-json\/wp\/v2\/media?parent=85033"}],"wp:term":[{"taxonomy":"category","embeddable":true,"href":"https:\/\/canadianmidwives.org\/fr\/wp-json\/wp\/v2\/categories?post=85033"},{"taxonomy":"post_tag","embeddable":true,"href":"https:\/\/canadianmidwives.org\/fr\/wp-json\/wp\/v2\/tags?post=85033"}],"curies":[{"name":"wp","href":"https:\/\/api.w.org\/{rel}","templated":true}]}}